{"id":47071,"date":"2022-10-19T06:34:43","date_gmt":"2022-10-19T11:34:43","guid":{"rendered":"http:\/\/www.zonaroja.com.mx\/?p=47071"},"modified":"2022-10-19T06:34:45","modified_gmt":"2022-10-19T11:34:45","slug":"promueve-el-poder-judicial-justicia-desde-la-perspectiva-de-discapacidad","status":"publish","type":"post","link":"https:\/\/zonaroja.com.mx\/?p=47071","title":{"rendered":"Promueve el Poder Judicial justicia desde la perspectiva de discapacidad"},"content":{"rendered":"\n<p>Redacci\u00f3n\/Zona Roja.<\/p>\n\n\n\n<p>Oaxaca de Ju\u00e1rez, Oax., a 19 de octubre de 2022.- Personal del&nbsp;Poder Judicial del Estado de Oaxaca&nbsp;participa en&nbsp;el&nbsp;curso&nbsp;virtual \u201cCapacidad&nbsp;Jur\u00eddica&nbsp;desde la Perspectiva de Discapacidad\u201d, resultado de un esfuerzo conjunto con el Sistema DIF-Oaxaca, la Procuradur\u00eda para la Defensa de las Personas con Discapacidad del Estado (PROPCD) y la organizaci\u00f3n civil Documenta.&nbsp;<\/p>\n\n\n\n<p>Magistrados, magistradas, juezas&nbsp;y&nbsp;jueces,&nbsp;junto con&nbsp;agentes del ministerio p\u00fablico, defensores p\u00fablicos y litigantes,&nbsp;reciben capacitaci\u00f3n en&nbsp;los temas: El enfoque de derechos humanos de la discapacidad; El derecho a la igualdad y no discriminaci\u00f3n; La&nbsp;capacidad&nbsp;jur\u00eddica&nbsp;de las personas con discapacidad; Ajustes razonables y de procedimiento, Sistema de apoyos y salvaguardias: casos pr\u00e1cticos y Hacia un nuevo horizonte: di\u00e1logo con las personas con discapacidad.<br>El objetivo&nbsp;del curso es capacitar a las y los operadores del sistema de justicia en el enfoque de derechos humanos, para que reconozcan la capacidad jur\u00eddica de las personas con discapacidad y brinden un trato diferenciado v\u00e1lido que facilite el acceso a la justicia.&nbsp;<\/p>\n\n\n\n<p>Uno de los ejes fundamentales sobre los que trabaja el Poder Judicial del Estado de Oaxaca,&nbsp;es&nbsp;el fortalecimiento de&nbsp;sinergias institucionales que coadyuven en la protecci\u00f3n de los derechos fundamentales de las personas, pero de manera particular, de los grupos tradicionalmente vulnerados.&nbsp;<\/p>\n\n\n\n<p>Al respecto,&nbsp;el magistrado Eduardo Pinacho S\u00e1nchez&nbsp;ha puntualizado&nbsp;que las personas con discapacidad construyen liderazgos, generan activismos positivos, desarrollan potencialidades empresariales, cosechan \u00e9xitos y pueden transformar el mundo; por lo cual, la tarea de las instituciones y sociedad es acompa\u00f1arlos y generar las condiciones para que se protejan sus derechos.<\/p>\n\n\n\n<p>Las actividades&nbsp;del curso, que iniciaron el pasado 29 de septiembre, concluir\u00e1n el pr\u00f3ximo tres de noviembre con una sesi\u00f3n presencial.<\/p>\n","protected":false},"excerpt":{"rendered":"<p>Redacci\u00f3n\/Zona Roja. Oaxaca de Ju\u00e1rez, Oax., a 19 de octubre de 2022.- Personal del&nbsp;Poder Judicial&hellip;<\/p>\n","protected":false},"author":2,"featured_media":14349,"comment_status":"closed","ping_status":"open","sticky":false,"template":"","format":"standard","meta":{"_lmt_disableupdate":"","_lmt_disable":"","_jetpack_memberships_contains_paid_content":false,"footnotes":""},"categories":[109,46],"tags":[223],"class_list":["post-47071","post","type-post","status-publish","format-standard","has-post-thumbnail","hentry","category-minuto-a-minuto","category-zona-blanca","tag-poder-judicial-de-oaxaca"],"jetpack_featured_media_url":"https:\/\/zonaroja.com.mx\/wp-content\/uploads\/2020\/06\/Poder-Judicial-Oaxaca.jpg","jetpack_sharing_enabled":true,"_links":{"self":[{"href":"https:\/\/zonaroja.com.mx\/index.php?rest_route=\/wp\/v2\/posts\/47071","targetHints":{"allow":["GET"]}}],"collection":[{"href":"https:\/\/zonaroja.com.mx\/index.php?rest_route=\/wp\/v2\/posts"}],"about":[{"href":"https:\/\/zonaroja.com.mx\/index.php?rest_route=\/wp\/v2\/types\/post"}],"author":[{"embeddable":true,"href":"https:\/\/zonaroja.com.mx\/index.php?rest_route=\/wp\/v2\/users\/2"}],"replies":[{"embeddable":true,"href":"https:\/\/zonaroja.com.mx\/index.php?rest_route=%2Fwp%2Fv2%2Fcomments&post=47071"}],"version-history":[{"count":1,"href":"https:\/\/zonaroja.com.mx\/index.php?rest_route=\/wp\/v2\/posts\/47071\/revisions"}],"predecessor-version":[{"id":47072,"href":"https:\/\/zonaroja.com.mx\/index.php?rest_route=\/wp\/v2\/posts\/47071\/revisions\/47072"}],"wp:featuredmedia":[{"embeddable":true,"href":"https:\/\/zonaroja.com.mx\/index.php?rest_route=\/wp\/v2\/media\/14349"}],"wp:attachment":[{"href":"https:\/\/zonaroja.com.mx\/index.php?rest_route=%2Fwp%2Fv2%2Fmedia&parent=47071"}],"wp:term":[{"taxonomy":"category","embeddable":true,"href":"https:\/\/zonaroja.com.mx\/index.php?rest_route=%2Fwp%2Fv2%2Fcategories&post=47071"},{"taxonomy":"post_tag","embeddable":true,"href":"https:\/\/zonaroja.com.mx\/index.php?rest_route=%2Fwp%2Fv2%2Ftags&post=47071"}],"curies":[{"name":"wp","href":"https:\/\/api.w.org\/{rel}","templated":true}]}}