{"id":47078,"date":"2022-10-19T07:33:24","date_gmt":"2022-10-19T12:33:24","guid":{"rendered":"http:\/\/www.zonaroja.com.mx\/?p=47078"},"modified":"2022-10-19T07:33:25","modified_gmt":"2022-10-19T12:33:25","slug":"confirman-identidad-de-mujer-asesinada-en-atzompa-fue-baleada-y-quemada","status":"publish","type":"post","link":"https:\/\/zonaroja.com.mx\/?p=47078","title":{"rendered":"Confirman identidad de mujer asesinada en Atzompa; fue baleada y quemada"},"content":{"rendered":"\n<p>Ismael Garc\u00eda M.\/Zona Roja.<\/p>\n\n\n\n<p>Oaxaca de Ju\u00e1rez, Oax., a 19 de octubre de 2022.- Familiares de la v\u00edctima y autoridades ministeriales confirmaron la identidad de la mujer hallada muerta anoche en jurisdicci\u00f3n de Santa Mar\u00eda Atzompa, y cuyo cuerpo presenta impactos de arma de fuego y huellas de calcinaci\u00f3n.<\/p>\n\n\n\n<p>Se trata de Ver\u00f3nica Calvillo Mart\u00ednez, de 47 a\u00f1os de edad, quien hab\u00eda sido reportada como desaparecida el pasado 22 de septiembre en la colonia Azucenas, en la agencia de San Mart\u00edn Mexic\u00e1pam de la ciudad de Oaxaca.<\/p>\n\n\n\n<p>Fue identificada tanto por la ropa que vest\u00eda como por un tatuaje en la mu\u00f1eca de la mano derecha con la leyenda \u201cJavier\u201d y otra en la mu\u00f1eca de la mano izquierda con el nombre de \u201cConcepci\u00f3n\u201d, entre otros; era originaria de Atzompa.<\/p>\n\n\n\n<p>Como se inform\u00f3, el cuerpo fue localizado anoche en la carretera nueva a la zona arqueol\u00f3gica de Monte Alb\u00e1n, cerca del crucero a la localidad de Los Ib\u00e1\u00f1ez, de Santa Mar\u00eda Atzompa.<\/p>\n\n\n\n<p>En un comunicado, la Fiscal\u00eda General del Estado dio a conocer que inici\u00f3 una exhaustiva investigaci\u00f3n, con perspectiva de g\u00e9nero y bajo el Protocolo Ministerial, Policial y Pericial del Delito de Feminicidio en el Estado de Oaxaca, ante el hallazgo del cuerpo sin vida de una persona del sexo femenino, en la carretera que conduce a la zona arqueol\u00f3gica de Monte Alb\u00e1n, en la regi\u00f3n de Valles Centrales.Indic\u00f3 que la noche de este martes 18 de octubre, reportes policiacos informaron sobre la existencia de un cuerpo sin vida de una mujer encontrado en la carretera nueva a Monte Alb\u00e1n, en inmediaciones de la zona arqueol\u00f3gica, situaci\u00f3n que propici\u00f3 el despliegue de la FGEO.<\/p>\n\n\n\n<p>Detall\u00f3 que de forma inmediata, la Fiscal\u00eda Especializada en Atenci\u00f3n a Delitos contra la Mujer por Raz\u00f3n de G\u00e9nero atrajo el caso e inici\u00f3 la carpeta de investigaci\u00f3n 36077\/FMUJ\/UFEM\/2022 por el delito de feminicidio.<\/p>\n\n\n\n<p>Asimismo, se gir\u00f3 oficio de investigaci\u00f3n a la Agencia Estatal de Investigaciones (AEI) y a personal pericial en diferentes materias para intervenir al lugar de los hechos y realizar las primeras diligencias, adem\u00e1s de que el cuerpo fue trasladado al Instituto de Servicios Periciales para que se le realice la necropsia de Ley correspondiente.<\/p>\n\n\n\n<p>\u201cLa Fiscal\u00eda General dar\u00e1 continuidad a esta investigaci\u00f3n hasta esclarecer este delito, a fin de presentar ante la justicia a quien o quienes resulten responsables\u201d, remarc\u00f3 en su comunicado.<\/p>\n\n\n\n<figure class=\"wp-block-image size-full\"><a href=\"http:\/\/www.zonaroja.com.mx\/wp-content\/uploads\/2022\/10\/Mujer-desaparecida-hallada-muerta-Atzompa.jpg\" data-rel=\"penci-gallery-image-content\" ><img decoding=\"async\" width=\"768\" height=\"960\" src=\"http:\/\/www.zonaroja.com.mx\/wp-content\/uploads\/2022\/10\/Mujer-desaparecida-hallada-muerta-Atzompa.jpg\" alt=\"\" class=\"wp-image-47079\" srcset=\"https:\/\/zonaroja.com.mx\/wp-content\/uploads\/2022\/10\/Mujer-desaparecida-hallada-muerta-Atzompa.jpg 768w, https:\/\/zonaroja.com.mx\/wp-content\/uploads\/2022\/10\/Mujer-desaparecida-hallada-muerta-Atzompa-240x300.jpg 240w, https:\/\/zonaroja.com.mx\/wp-content\/uploads\/2022\/10\/Mujer-desaparecida-hallada-muerta-Atzompa-585x731.jpg 585w\" sizes=\"(max-width: 768px) 100vw, 768px\" \/><\/a><\/figure>\n","protected":false},"excerpt":{"rendered":"<p>Ismael Garc\u00eda M.\/Zona Roja. Oaxaca de Ju\u00e1rez, Oax., a 19 de octubre de 2022.- Familiares&hellip;<\/p>\n","protected":false},"author":2,"featured_media":47080,"comment_status":"closed","ping_status":"open","sticky":false,"template":"","format":"standard","meta":{"_lmt_disableupdate":"","_lmt_disable":"","_jetpack_memberships_contains_paid_content":false,"footnotes":""},"categories":[109,51],"tags":[1049],"class_list":["post-47078","post","type-post","status-publish","format-standard","has-post-thumbnail","hentry","category-minuto-a-minuto","category-zona-roja","tag-santa-maria-atzompa"],"jetpack_featured_media_url":"https:\/\/zonaroja.com.mx\/wp-content\/uploads\/2022\/10\/Mujer-muerta-Atzompa-Oaxaca-1.jpeg","jetpack_sharing_enabled":true,"_links":{"self":[{"href":"https:\/\/zonaroja.com.mx\/index.php?rest_route=\/wp\/v2\/posts\/47078","targetHints":{"allow":["GET"]}}],"collection":[{"href":"https:\/\/zonaroja.com.mx\/index.php?rest_route=\/wp\/v2\/posts"}],"about":[{"href":"https:\/\/zonaroja.com.mx\/index.php?rest_route=\/wp\/v2\/types\/post"}],"author":[{"embeddable":true,"href":"https:\/\/zonaroja.com.mx\/index.php?rest_route=\/wp\/v2\/users\/2"}],"replies":[{"embeddable":true,"href":"https:\/\/zonaroja.com.mx\/index.php?rest_route=%2Fwp%2Fv2%2Fcomments&post=47078"}],"version-history":[{"count":1,"href":"https:\/\/zonaroja.com.mx\/index.php?rest_route=\/wp\/v2\/posts\/47078\/revisions"}],"predecessor-version":[{"id":47081,"href":"https:\/\/zonaroja.com.mx\/index.php?rest_route=\/wp\/v2\/posts\/47078\/revisions\/47081"}],"wp:featuredmedia":[{"embeddable":true,"href":"https:\/\/zonaroja.com.mx\/index.php?rest_route=\/wp\/v2\/media\/47080"}],"wp:attachment":[{"href":"https:\/\/zonaroja.com.mx\/index.php?rest_route=%2Fwp%2Fv2%2Fmedia&parent=47078"}],"wp:term":[{"taxonomy":"category","embeddable":true,"href":"https:\/\/zonaroja.com.mx\/index.php?rest_route=%2Fwp%2Fv2%2Fcategories&post=47078"},{"taxonomy":"post_tag","embeddable":true,"href":"https:\/\/zonaroja.com.mx\/index.php?rest_route=%2Fwp%2Fv2%2Ftags&post=47078"}],"curies":[{"name":"wp","href":"https:\/\/api.w.org\/{rel}","templated":true}]}}