{"id":4708,"date":"2019-10-10T17:34:09","date_gmt":"2019-10-10T22:34:09","guid":{"rendered":"http:\/\/www.zonaroja.com.mx\/?p=4708"},"modified":"2019-10-10T17:34:12","modified_gmt":"2019-10-10T22:34:12","slug":"se-resiste-titular-de-sspo-a-declarar-ante-fgr-por-caso-nochixtlan","status":"publish","type":"post","link":"https:\/\/zonaroja.com.mx\/?p=4708","title":{"rendered":"Se resiste titular de SSPO a declarar ante FGR por caso Nochixtl\u00e1n"},"content":{"rendered":"\n<p>Redacci\u00f3n\/Zona\nRoja.<\/p>\n\n\n\n<p>Oaxaca\nde Ju\u00e1rez, Oax., 10 de octubre de 2019.- El\nactual titular de la Secretar\u00eda de Seguridad P\u00fablica de Oaxaca (SSPO), Ra\u00fal\nErnesto Salcedo Rosales, se ha negado a comparecer hasta en tres ocasiones ante\nel Ministerio P\u00fablico de la Fiscal\u00eda General de la Rep\u00fablica, denunci\u00f3 el\nComit\u00e9 de V\u00edctimas \u201cPor Justicia y Verdad 19 de Junio\u201d (Covic).<\/p>\n\n\n\n<p>El\nfuncionario deber\u00e1 declarar por orden judicial sobre los hechos violentos\nsucedidos el 19 de junio de 2016, cuando fung\u00eda como delegado del Centro de Investigaci\u00f3n\nen Seguridad Nacional (Cisen) y formaba parte del Grupo de Coordinaci\u00f3n Oaxaca,\ndonde se dio la orden de desalojo de pobladores y miembros de la Secci\u00f3n 22 del\nSNTE.<\/p>\n\n\n\n<p>Asimismo,\nel Comit\u00e9 de V\u00edctimas acus\u00f3 que cuando sus integrantes regresaban de la\nFiscal\u00eda General de la Rep\u00fablica en Oaxaca, fueron intimidados por elementos de\nla Polic\u00eda Estatal, presuntamente por llevar armas de fuego sin el permiso\ncorrespondiente.<\/p>\n\n\n\n<p>De\nacuerdo con el comunicado emitido por la organizaci\u00f3n, fue este mi\u00e9rcoles qu\u00e9\nelementos de la SSPO interceptaron el veh\u00edculo en el que se trasladaban cinco\nv\u00edctimas de las agresiones en Nochixtl\u00e1n, en las inmediaciones de avenida\nUniversidad, argumentando que realizar\u00edan una revisi\u00f3n ya que en la unidad se\ntransportaban armas. <\/p>\n\n\n\n<p>Explicaron\nque los hechos se registraron luego de que salieron de la delegaci\u00f3n estatal de\nla Fiscal\u00eda General de la Rep\u00fablica, en donde estaba citado Ra\u00fal Ernesto\nSalcedo Rosales, actual secretario de Seguridad P\u00fablica, para declarar con\nrelaci\u00f3n a los hechos suscitados el 19 de junio del 2016 en el municipio\nmixteco, ya que se desempe\u00f1aba como delegado estatal del Cisen. <\/p>\n\n\n\n<p>\u201cLo\nque sucedi\u00f3 el d\u00eda de hoy forma parte de una serie de agresiones y\nhostigamientos que han sufrido las v\u00edctimas de Nochixtl\u00e1n, derivado de los\nactos de investigaci\u00f3n propuestos para investigar a la cadena de mando y a\nquienes integraron el grupo de coordinaci\u00f3n Oaxaca que llev\u00f3 a cabo el\noperativo de desalojo\u201d, explicaron.<\/p>\n\n\n\n<p>En\neste sentido, indicaron que tuvo que acudir personal de la Defensor\u00eda de los\nDerechos Humanos del Pueblo de Oaxaca a certificar que al interior de la\ncamioneta no se transportaban armas como lo aseguraban elementos policiacos,\npor lo que pidieron la solidaridad de organizaciones afines para mantenerse a\nalerta ante la serie de agresiones y hostigamientos que siguen sufriendo\nintegrantes de la Covic. <\/p>\n\n\n\n<p>Aseguraron\nque los diversos actos de intimidaci\u00f3n no lograr\u00e1n que cesen en su lucha por\njusticia para sus hermanos ca\u00eddos y heridos a quienes las balas destruyeron su\nproyecto de vida. <\/p>\n","protected":false},"excerpt":{"rendered":"<p>Redacci\u00f3n\/Zona Roja. Oaxaca de Ju\u00e1rez, Oax., 10 de octubre de 2019.- El actual titular de&hellip;<\/p>\n","protected":false},"author":2,"featured_media":4709,"comment_status":"closed","ping_status":"open","sticky":false,"template":"","format":"standard","meta":{"_lmt_disableupdate":"","_lmt_disable":"","_jetpack_memberships_contains_paid_content":false,"footnotes":""},"categories":[109,47],"tags":[231,175],"class_list":["post-4708","post","type-post","status-publish","format-standard","has-post-thumbnail","hentry","category-minuto-a-minuto","category-zona-gris","tag-raul-ernesto-salcedo-rosales","tag-secretaria-de-seguridad-publica-de-oaxaca"],"jetpack_featured_media_url":"https:\/\/zonaroja.com.mx\/wp-content\/uploads\/2019\/10\/Ra\u00fal-Ernesto-Salcedo.jpg","jetpack_sharing_enabled":true,"_links":{"self":[{"href":"https:\/\/zonaroja.com.mx\/index.php?rest_route=\/wp\/v2\/posts\/4708","targetHints":{"allow":["GET"]}}],"collection":[{"href":"https:\/\/zonaroja.com.mx\/index.php?rest_route=\/wp\/v2\/posts"}],"about":[{"href":"https:\/\/zonaroja.com.mx\/index.php?rest_route=\/wp\/v2\/types\/post"}],"author":[{"embeddable":true,"href":"https:\/\/zonaroja.com.mx\/index.php?rest_route=\/wp\/v2\/users\/2"}],"replies":[{"embeddable":true,"href":"https:\/\/zonaroja.com.mx\/index.php?rest_route=%2Fwp%2Fv2%2Fcomments&post=4708"}],"version-history":[{"count":1,"href":"https:\/\/zonaroja.com.mx\/index.php?rest_route=\/wp\/v2\/posts\/4708\/revisions"}],"predecessor-version":[{"id":4710,"href":"https:\/\/zonaroja.com.mx\/index.php?rest_route=\/wp\/v2\/posts\/4708\/revisions\/4710"}],"wp:featuredmedia":[{"embeddable":true,"href":"https:\/\/zonaroja.com.mx\/index.php?rest_route=\/wp\/v2\/media\/4709"}],"wp:attachment":[{"href":"https:\/\/zonaroja.com.mx\/index.php?rest_route=%2Fwp%2Fv2%2Fmedia&parent=4708"}],"wp:term":[{"taxonomy":"category","embeddable":true,"href":"https:\/\/zonaroja.com.mx\/index.php?rest_route=%2Fwp%2Fv2%2Fcategories&post=4708"},{"taxonomy":"post_tag","embeddable":true,"href":"https:\/\/zonaroja.com.mx\/index.php?rest_route=%2Fwp%2Fv2%2Ftags&post=4708"}],"curies":[{"name":"wp","href":"https:\/\/api.w.org\/{rel}","templated":true}]}}