{"id":47098,"date":"2022-10-19T19:49:25","date_gmt":"2022-10-20T00:49:25","guid":{"rendered":"http:\/\/www.zonaroja.com.mx\/?p=47098"},"modified":"2022-10-19T19:49:27","modified_gmt":"2022-10-20T00:49:27","slug":"resurge-marcos-sanchez-reagrupa-a-la-confederacion-internacional-de-trabajadores","status":"publish","type":"post","link":"https:\/\/zonaroja.com.mx\/?p=47098","title":{"rendered":"Resurge Marcos S\u00e1nchez: reagrupa a la Confederaci\u00f3n Internacional de Trabajadores"},"content":{"rendered":"\n<p>Redacci\u00f3n\/Zona Roja.<\/p>\n\n\n\n<p>Oaxaca de Ju\u00e1rez, Oax., a 19 de octubre de 2022.- Quien fuera secretario de Finanzas de la Confederaci\u00f3n de Trabajadores de M\u00e9xico (CTM), Marcos S\u00e1nchez, reapareci\u00f3 hoy en Oaxaca, para fortalecer la Confederaci\u00f3n Internacional de Trabajadores (CIT) en la entidad.<\/p>\n\n\n\n<p>Esta ma\u00f1ana encabez\u00f3 en Oaxaca la entrega y pega de calcas a transportistas de diversas regiones de la entidad, que se sumaron a dicho gremio de transportistas y trabajadores.<\/p>\n\n\n\n<p>Con ello, quien fuera aprehendido y enjuiciado acusado de delitos como homicidio y tras lo cual fue exculpado, regresa a la vida p\u00fablica de la entidad, por lo que se espera que en pr\u00f3ximos d\u00edas continue con esta campa\u00f1a de la pega de calcas y la adhesi\u00f3n de m\u00e1s transportistas al CIT.&nbsp;<\/p>\n\n\n\n<p>Los nuevos afiliados a la agrupaci\u00f3n agradecieron a Marcos S\u00e1nchez las atenciones que ha tenido con ellos y desearon que este sea el inicio de un liderazgo fuerte en el CIT Oaxaca.<\/p>\n","protected":false},"excerpt":{"rendered":"<p>Redacci\u00f3n\/Zona Roja. Oaxaca de Ju\u00e1rez, Oax., a 19 de octubre de 2022.- Quien fuera secretario&hellip;<\/p>\n","protected":false},"author":2,"featured_media":47099,"comment_status":"closed","ping_status":"open","sticky":false,"template":"","format":"standard","meta":{"_lmt_disableupdate":"","_lmt_disable":"","_jetpack_memberships_contains_paid_content":false,"footnotes":""},"categories":[109,46],"tags":[3072,3285],"class_list":["post-47098","post","type-post","status-publish","format-standard","has-post-thumbnail","hentry","category-minuto-a-minuto","category-zona-blanca","tag-confederacion-internacional-de-trabajadores-cit","tag-marcos-sanchez"],"jetpack_featured_media_url":"https:\/\/zonaroja.com.mx\/wp-content\/uploads\/2022\/10\/Marcos-Sanchez-Confederacion-Internacional-de-Trabajadores.jpg","jetpack_sharing_enabled":true,"_links":{"self":[{"href":"https:\/\/zonaroja.com.mx\/index.php?rest_route=\/wp\/v2\/posts\/47098","targetHints":{"allow":["GET"]}}],"collection":[{"href":"https:\/\/zonaroja.com.mx\/index.php?rest_route=\/wp\/v2\/posts"}],"about":[{"href":"https:\/\/zonaroja.com.mx\/index.php?rest_route=\/wp\/v2\/types\/post"}],"author":[{"embeddable":true,"href":"https:\/\/zonaroja.com.mx\/index.php?rest_route=\/wp\/v2\/users\/2"}],"replies":[{"embeddable":true,"href":"https:\/\/zonaroja.com.mx\/index.php?rest_route=%2Fwp%2Fv2%2Fcomments&post=47098"}],"version-history":[{"count":1,"href":"https:\/\/zonaroja.com.mx\/index.php?rest_route=\/wp\/v2\/posts\/47098\/revisions"}],"predecessor-version":[{"id":47100,"href":"https:\/\/zonaroja.com.mx\/index.php?rest_route=\/wp\/v2\/posts\/47098\/revisions\/47100"}],"wp:featuredmedia":[{"embeddable":true,"href":"https:\/\/zonaroja.com.mx\/index.php?rest_route=\/wp\/v2\/media\/47099"}],"wp:attachment":[{"href":"https:\/\/zonaroja.com.mx\/index.php?rest_route=%2Fwp%2Fv2%2Fmedia&parent=47098"}],"wp:term":[{"taxonomy":"category","embeddable":true,"href":"https:\/\/zonaroja.com.mx\/index.php?rest_route=%2Fwp%2Fv2%2Fcategories&post=47098"},{"taxonomy":"post_tag","embeddable":true,"href":"https:\/\/zonaroja.com.mx\/index.php?rest_route=%2Fwp%2Fv2%2Ftags&post=47098"}],"curies":[{"name":"wp","href":"https:\/\/api.w.org\/{rel}","templated":true}]}}