{"id":47101,"date":"2022-10-19T21:12:21","date_gmt":"2022-10-20T02:12:21","guid":{"rendered":"http:\/\/www.zonaroja.com.mx\/?p=47101"},"modified":"2022-10-19T21:12:23","modified_gmt":"2022-10-20T02:12:23","slug":"reanuda-juicio-contra-ex-edil-de-nochixtlan-por-desaparicion-forzada-de-claudia-uruchurtu","status":"publish","type":"post","link":"https:\/\/zonaroja.com.mx\/?p=47101","title":{"rendered":"Reanuda juicio contra ex edil de Nochixtl\u00e1n por desaparici\u00f3n forzada de Claudia Uruchurtu"},"content":{"rendered":"\n<p>Yuridiana Sosa\/ Zona Roja.<\/p>\n\n\n\n<p>Oaxaca de Ju\u00e1rez, Oax., 19 de octubre de 2022.- A poco m\u00e1s de 18 meses de la desaparici\u00f3n forzada de Claudia Uruchurtu en el municipio de Asunci\u00f3n Nochixtl\u00e1n, en la regi\u00f3n Mixteca de Oaxaca, este martes se reanud\u00f3 el juicio de debate en contra de la ex edil de esa localidad Lizbeth V. H., de Morena, por su presunta responsabilidad en el delito.<\/p>\n\n\n\n<p>El proceso inici\u00f3 en el Juzgado de Control de Adolescentes, en la colonia Reforma de la capital del estado, donde tambi\u00e9n enjuicia a Juan Antonio H. M., \u201cEl Centinela\u201d; H. M., guardia de seguridad de la ex alcaldesa; Ricardo M.M., ex funcionario de Nochixtl\u00e1n.<\/p>\n\n\n\n<p>Rolando A. B., alias \u201cEl Gre\u00f1as\u201d o \u201cEl Colas\u201d y Janet V. tambi\u00e9n forman parte del proceso por su presunta participaci\u00f3n en los hechos del pasado 26 de marzo de 2021, registrados en la causa penal 203\/2021.<\/p>\n\n\n\n<p>Fue el 7 de mayo de 2021 que se detuvo a la edil de Morena por su probable participaci\u00f3n en la desaparici\u00f3n forzada de&nbsp;Claudia, activista de 48 a\u00f1os de edad que hab\u00eda denunciado e investigado presuntos desv\u00edos de recursos en la administraci\u00f3n de Lizbeth V.H.<\/p>\n\n\n\n<p>Junto con ella tambi\u00e9n se detuvieron a sus colaboradores Juan Antonio H. M. y Johan Ricardo M. M; en julio de ese mismo a\u00f1o la Fiscal\u00eda de Oaxaca logr\u00f3 la aprehensi\u00f3n de Janet V., esposa de Juan Antonio H. M. y Rolando A. B., alias \u201cEl Gre\u00f1as\u201d o \u201cEl Colas\u201d.<\/p>\n\n\n\n<p>Existen versiones que &nbsp;\u201cEl Centinela\u201d habr\u00eda participado en la muerte de&nbsp;Claudia&nbsp;Uruchurtu, mientras que \u201cEl Gre\u00f1as\u201d habr\u00eda sido el encargado de desaparecer y arrojar el cuerpo en terrenos &nbsp;de Matadamas, Etla, seg\u00fan un testigo protegido, sin embargo, sus restos no han sido localizados.<\/p>\n\n\n\n<p>A trav\u00e9s de las redes sociales, la familia de Claudia Uruchurtu ha expresado su preocupaci\u00f3n por el actuar del juez del Poder Judicial de Oaxaca, pues act\u00faa con favoritismo hacia la ex presidenta municipal y temen que una vez que Salom\u00f3n Jara asuma el cargo de gobernador, sea liberada.<\/p>\n","protected":false},"excerpt":{"rendered":"<p>Yuridiana Sosa\/ Zona Roja. Oaxaca de Ju\u00e1rez, Oax., 19 de octubre de 2022.- A poco&hellip;<\/p>\n","protected":false},"author":2,"featured_media":27306,"comment_status":"closed","ping_status":"open","sticky":false,"template":"","format":"standard","meta":{"_lmt_disableupdate":"","_lmt_disable":"","_jetpack_memberships_contains_paid_content":false,"footnotes":""},"categories":[109,47],"tags":[2582],"class_list":["post-47101","post","type-post","status-publish","format-standard","has-post-thumbnail","hentry","category-minuto-a-minuto","category-zona-gris","tag-claudia-uruchurtu-cruz"],"jetpack_featured_media_url":"https:\/\/zonaroja.com.mx\/wp-content\/uploads\/2021\/05\/Lizbeth-Victoria-H.-2.jpg","jetpack_sharing_enabled":true,"_links":{"self":[{"href":"https:\/\/zonaroja.com.mx\/index.php?rest_route=\/wp\/v2\/posts\/47101","targetHints":{"allow":["GET"]}}],"collection":[{"href":"https:\/\/zonaroja.com.mx\/index.php?rest_route=\/wp\/v2\/posts"}],"about":[{"href":"https:\/\/zonaroja.com.mx\/index.php?rest_route=\/wp\/v2\/types\/post"}],"author":[{"embeddable":true,"href":"https:\/\/zonaroja.com.mx\/index.php?rest_route=\/wp\/v2\/users\/2"}],"replies":[{"embeddable":true,"href":"https:\/\/zonaroja.com.mx\/index.php?rest_route=%2Fwp%2Fv2%2Fcomments&post=47101"}],"version-history":[{"count":1,"href":"https:\/\/zonaroja.com.mx\/index.php?rest_route=\/wp\/v2\/posts\/47101\/revisions"}],"predecessor-version":[{"id":47102,"href":"https:\/\/zonaroja.com.mx\/index.php?rest_route=\/wp\/v2\/posts\/47101\/revisions\/47102"}],"wp:featuredmedia":[{"embeddable":true,"href":"https:\/\/zonaroja.com.mx\/index.php?rest_route=\/wp\/v2\/media\/27306"}],"wp:attachment":[{"href":"https:\/\/zonaroja.com.mx\/index.php?rest_route=%2Fwp%2Fv2%2Fmedia&parent=47101"}],"wp:term":[{"taxonomy":"category","embeddable":true,"href":"https:\/\/zonaroja.com.mx\/index.php?rest_route=%2Fwp%2Fv2%2Fcategories&post=47101"},{"taxonomy":"post_tag","embeddable":true,"href":"https:\/\/zonaroja.com.mx\/index.php?rest_route=%2Fwp%2Fv2%2Ftags&post=47101"}],"curies":[{"name":"wp","href":"https:\/\/api.w.org\/{rel}","templated":true}]}}