{"id":47103,"date":"2022-10-19T21:44:41","date_gmt":"2022-10-20T02:44:41","guid":{"rendered":"http:\/\/www.zonaroja.com.mx\/?p=47103"},"modified":"2022-10-19T21:44:42","modified_gmt":"2022-10-20T02:44:42","slug":"lo-asesinaron-y-pretendian-quemar-el-cuerpo-en-carretera-de-oaxaca","status":"publish","type":"post","link":"https:\/\/zonaroja.com.mx\/?p=47103","title":{"rendered":"Lo asesinaron y pretend\u00edan quemar el cuerpo, en carretera de Oaxaca"},"content":{"rendered":"\n<p>Redacci\u00f3n\/Zona Roja.<\/p>\n\n\n\n<p>Oaxaca de Ju\u00e1rez, Oax., a 19 de octubre de 2022.- El individuo ejecutado este mi\u00e9rcoles en jurisdicci\u00f3n de San Pablo G\u00fcil\u00e1, del municipio de Santiago Matatl\u00e1n, Oaxaca, no ha sido identificado hasta ahora.<\/p>\n\n\n\n<p>El cuerpo fue hallado a un costado de la carretera federal 190 Oaxaca-Istmo, con impactos de arma de fuego en el cuerpo y con maderas encima, con la intenci\u00f3n de quemarlo.<\/p>\n\n\n\n<p>Representa una edad aproximada de entre 35 a 40 a\u00f1os de edad, vest\u00eda pantal\u00f3n color azul y su playera blanca la usaron para cubrirle el rostro.<\/p>\n\n\n\n<p>Personal de la Fiscal\u00eda General del Estado de Oaxaca inici\u00f3 las indagatorias correspondientes, para tratar de dar con el paradero del o de los homicidas.<\/p>\n\n\n\n<p>Por otra parte, la ma\u00f1ana de hoy fue localizado el cuerpo sin vida de una mujer, al parecer en condici\u00f3n de calle, en la ciudad de Oaxaca.<\/p>\n\n\n\n<p>Fue debajo del puente de la prolongaci\u00f3n de Valerio Trajano, cerca de la Central de Abasto, en que apareci\u00f3 el cad\u00e1ver, de una persona hasta ahora no identificada.<\/p>\n\n\n\n<p>Tambi\u00e9n la autoridad ministerial levant\u00f3 el cuerpo para la necropsia de ley, a fin de deslindar responsabilidades.<\/p>\n\n\n\n<figure class=\"wp-block-embed is-type-rich is-provider-twitter wp-block-embed-twitter\"><div class=\"wp-block-embed__wrapper\">\n<div class=\"twitter-tweet\"><blockquote class=\"twitter-tweet\" data-lang=\"es\"><p lang=\"es\" dir=\"ltr\"><a href=\"https:\/\/twitter.com\/hashtag\/%C3%9AltimoMinuto?src=hash&amp;ref_src=twsrc%5Etfw\">#\u00daltimoMinuto<\/a> <br>Se siguen muriendo las personas en situaci\u00f3n de calle en la capital de <a href=\"https:\/\/twitter.com\/hashtag\/Oaxaca?src=hash&amp;ref_src=twsrc%5Etfw\">#Oaxaca<\/a>, ante la pasividad del <a href=\"https:\/\/twitter.com\/MunicipioOaxaca?ref_src=twsrc%5Etfw\">@MunicipioOaxaca<\/a>.<br>Esta ma\u00f1ana localizaron el cuerpo de una mujer debajo de un puente de la prolongaci\u00f3n de Trujano, cerca de la Central de Abasto. <a href=\"https:\/\/t.co\/3HMAcXeCvA\">pic.twitter.com\/3HMAcXeCvA<\/a><\/p>&mdash; Zona Roja Oaxaca (@ZonaRoja_Oaxaca) <a href=\"https:\/\/twitter.com\/ZonaRoja_Oaxaca\/status\/1582740579339075585?ref_src=twsrc%5Etfw\">19 de octubre de 2022<\/a><\/blockquote><\/div>\n<\/div><\/figure>\n","protected":false},"excerpt":{"rendered":"<p>Redacci\u00f3n\/Zona Roja. Oaxaca de Ju\u00e1rez, Oax., a 19 de octubre de 2022.- El individuo ejecutado&hellip;<\/p>\n","protected":false},"author":2,"featured_media":47104,"comment_status":"closed","ping_status":"open","sticky":false,"template":"","format":"standard","meta":{"_lmt_disableupdate":"","_lmt_disable":"","_jetpack_memberships_contains_paid_content":false,"footnotes":""},"categories":[109,51],"tags":[],"class_list":["post-47103","post","type-post","status-publish","format-standard","has-post-thumbnail","hentry","category-minuto-a-minuto","category-zona-roja"],"jetpack_featured_media_url":"https:\/\/zonaroja.com.mx\/wp-content\/uploads\/2022\/10\/Asesinado-San-Pablo-Guila.jpg","jetpack_sharing_enabled":true,"_links":{"self":[{"href":"https:\/\/zonaroja.com.mx\/index.php?rest_route=\/wp\/v2\/posts\/47103","targetHints":{"allow":["GET"]}}],"collection":[{"href":"https:\/\/zonaroja.com.mx\/index.php?rest_route=\/wp\/v2\/posts"}],"about":[{"href":"https:\/\/zonaroja.com.mx\/index.php?rest_route=\/wp\/v2\/types\/post"}],"author":[{"embeddable":true,"href":"https:\/\/zonaroja.com.mx\/index.php?rest_route=\/wp\/v2\/users\/2"}],"replies":[{"embeddable":true,"href":"https:\/\/zonaroja.com.mx\/index.php?rest_route=%2Fwp%2Fv2%2Fcomments&post=47103"}],"version-history":[{"count":1,"href":"https:\/\/zonaroja.com.mx\/index.php?rest_route=\/wp\/v2\/posts\/47103\/revisions"}],"predecessor-version":[{"id":47105,"href":"https:\/\/zonaroja.com.mx\/index.php?rest_route=\/wp\/v2\/posts\/47103\/revisions\/47105"}],"wp:featuredmedia":[{"embeddable":true,"href":"https:\/\/zonaroja.com.mx\/index.php?rest_route=\/wp\/v2\/media\/47104"}],"wp:attachment":[{"href":"https:\/\/zonaroja.com.mx\/index.php?rest_route=%2Fwp%2Fv2%2Fmedia&parent=47103"}],"wp:term":[{"taxonomy":"category","embeddable":true,"href":"https:\/\/zonaroja.com.mx\/index.php?rest_route=%2Fwp%2Fv2%2Fcategories&post=47103"},{"taxonomy":"post_tag","embeddable":true,"href":"https:\/\/zonaroja.com.mx\/index.php?rest_route=%2Fwp%2Fv2%2Ftags&post=47103"}],"curies":[{"name":"wp","href":"https:\/\/api.w.org\/{rel}","templated":true}]}}