{"id":47106,"date":"2022-10-20T09:56:00","date_gmt":"2022-10-20T14:56:00","guid":{"rendered":"http:\/\/www.zonaroja.com.mx\/?p=47106"},"modified":"2022-10-19T21:57:54","modified_gmt":"2022-10-20T02:57:54","slug":"convocan-a-foro-para-reflexionar-sobre-derechos-de-pueblos-afromexicanos","status":"publish","type":"post","link":"https:\/\/zonaroja.com.mx\/?p=47106","title":{"rendered":"Convocan a foro para reflexionar sobre derechos de pueblos afromexicanos"},"content":{"rendered":"\n<p>Redacci\u00f3n\/Zona Roja.&nbsp;<\/p>\n\n\n\n<p>Oaxaca de Ju\u00e1rez, Oax., a 20 de octubre de 2022.- En el contexto del D\u00eda del Pueblo Negro&nbsp;Afromexicano de Oaxaca,&nbsp;alianzas de&nbsp;organizaciones no gubernamentales invitan a &nbsp;mujeres y hombres, as\u00ed como a las autoridades, a&nbsp;un foro para&nbsp;reflexionar&nbsp;hacia el ejercicio pleno de&nbsp;los derechos de las comunidades y pueblos&nbsp;afromexicano e ind\u00edgenas de Oaxaca&nbsp;y Guerrero, el 29 de octubre de 2022, en Pinotepa Nacional.<\/p>\n\n\n\n<p>A partir de las&nbsp;nueve de la ma\u00f1ana, teniendo como sede el sal\u00f3n \u201cSanta Luc\u00eda\u201d, ubicado en la 4 Oriente #107, colonia Centro de&nbsp;la poblaci\u00f3n,&nbsp;iniciar\u00e1 el di\u00e1logo&nbsp;sobre&nbsp;problem\u00e1ticas respecto al territorio, libre determinaci\u00f3n y autonom\u00eda, as\u00ed como el impacto que el racismo estructural e institucional ha tenido sobre su vida.<\/p>\n\n\n\n<p>El objetivo&nbsp;de&nbsp;Unidad para el Progreso de Oaxaca A.C. (Unproax) y la &nbsp;Organizaci\u00f3n para el Fomento de la Equidad de G\u00e9nero y Respeto de los Derechos Humanos de los Pueblos Negros Afromexicanos (Colectiva OFPNA), es&nbsp;profundizar en el an\u00e1lisis&nbsp;de&nbsp;las problem\u00e1ticas actuales que enfrenta el pueblo afromexicano, para trazar una ruta cr\u00edtica para el reconocimiento pleno de sus derechos.&nbsp;<\/p>\n\n\n\n<p>De acuerdo con los convocantes,&nbsp;se intercambiar\u00e1n experiencias en el marco de las agendas sobre la exigencia por el reconocimiento pleno del derecho de la libre determinaci\u00f3n desde las comunidades y pueblos&nbsp;afromexicano e ind\u00edgenas de Oaxaca, desde la experiencia de&nbsp;la Alianza por la Libre Determinaci\u00f3n y Autonom\u00eda (ALDEA),&nbsp;Consejo Estatal de Derechos Ind\u00edgenas y Afromexicano de Oaxaca (CEDIAO), Fundar, Centro de An\u00e1lisis e Investigaci\u00f3n A.C., Servicios del Pueblo Mixe A.C. (SER A.C) y&nbsp;Servicios y Asesor\u00eda para la Paz A.C. (Serapaz).<\/p>\n\n\n\n<p>En esta jornada habr\u00e1 tres mesas de an\u00e1lisis: &nbsp;1. Libre determinaci\u00f3n y Autonom\u00eda,&nbsp;2. Derechos de las Mujeres y&nbsp;3.&nbsp; Reformas legales, avances y retos, en&nbsp;el ejercicio de derechos, &nbsp;de las cuales&nbsp;se&nbsp;construir\u00e1n acciones&nbsp;y acuerdos de seguimiento.<\/p>\n\n\n\n<p>Ante los vac\u00edos legales y la falta de armonizaci\u00f3n de la legislaci\u00f3n&nbsp;en Oaxaca&nbsp;con los Convenios y Tratados Internacionales, las comunidades y organizaciones&nbsp;han exhortado al Congreso local&nbsp;para que den cumplimiento a las recomendaciones del Informe de la&nbsp;Comisi\u00f3n Interamericana de Derechos Humanos (CIDH)&nbsp;sobre libre determinaci\u00f3n y en consecuencia concreten la iniciativa presentada el d\u00eda 24 de agosto del 2021, propuesta&nbsp;por el CEDIAO,&nbsp;para que sea respetado y garantizado su derecho a la libre determinaci\u00f3n y a la autonom\u00eda sobre sus tierras, territorios y bienes comunes.<\/p>\n\n\n\n<p>En el plano nacional,&nbsp;organizaciones de Oaxaca&nbsp;y el CEDIAO&nbsp;se&nbsp;han sumado&nbsp;al llamado que hizo la Alianza por la Libre Determinaci\u00f3n y la Autonom\u00eda (ALDEA) al&nbsp;Gobierno de L\u00f3pez Obrador para materializar la reforma constitucional sobre&nbsp;los derechos de las comunidades y pueblos&nbsp;afromexicano e ind\u00edgenas&nbsp;que a\u00fan sigue detenida&nbsp;enla Consejer\u00eda Jur\u00eddica de la Presidencia y no termina por presentarse ante el Congreso federal.<\/p>\n","protected":false},"excerpt":{"rendered":"<p>Redacci\u00f3n\/Zona Roja.&nbsp; Oaxaca de Ju\u00e1rez, Oax., a 20 de octubre de 2022.- En el contexto&hellip;<\/p>\n","protected":false},"author":2,"featured_media":47074,"comment_status":"closed","ping_status":"open","sticky":false,"template":"","format":"standard","meta":{"_lmt_disableupdate":"","_lmt_disable":"","_jetpack_memberships_contains_paid_content":false,"footnotes":""},"categories":[109,46],"tags":[],"class_list":["post-47106","post","type-post","status-publish","format-standard","has-post-thumbnail","hentry","category-minuto-a-minuto","category-zona-blanca"],"jetpack_featured_media_url":"https:\/\/zonaroja.com.mx\/wp-content\/uploads\/2022\/10\/Festival-afro-Costa-Oaxac.jpg","jetpack_sharing_enabled":true,"_links":{"self":[{"href":"https:\/\/zonaroja.com.mx\/index.php?rest_route=\/wp\/v2\/posts\/47106","targetHints":{"allow":["GET"]}}],"collection":[{"href":"https:\/\/zonaroja.com.mx\/index.php?rest_route=\/wp\/v2\/posts"}],"about":[{"href":"https:\/\/zonaroja.com.mx\/index.php?rest_route=\/wp\/v2\/types\/post"}],"author":[{"embeddable":true,"href":"https:\/\/zonaroja.com.mx\/index.php?rest_route=\/wp\/v2\/users\/2"}],"replies":[{"embeddable":true,"href":"https:\/\/zonaroja.com.mx\/index.php?rest_route=%2Fwp%2Fv2%2Fcomments&post=47106"}],"version-history":[{"count":1,"href":"https:\/\/zonaroja.com.mx\/index.php?rest_route=\/wp\/v2\/posts\/47106\/revisions"}],"predecessor-version":[{"id":47107,"href":"https:\/\/zonaroja.com.mx\/index.php?rest_route=\/wp\/v2\/posts\/47106\/revisions\/47107"}],"wp:featuredmedia":[{"embeddable":true,"href":"https:\/\/zonaroja.com.mx\/index.php?rest_route=\/wp\/v2\/media\/47074"}],"wp:attachment":[{"href":"https:\/\/zonaroja.com.mx\/index.php?rest_route=%2Fwp%2Fv2%2Fmedia&parent=47106"}],"wp:term":[{"taxonomy":"category","embeddable":true,"href":"https:\/\/zonaroja.com.mx\/index.php?rest_route=%2Fwp%2Fv2%2Fcategories&post=47106"},{"taxonomy":"post_tag","embeddable":true,"href":"https:\/\/zonaroja.com.mx\/index.php?rest_route=%2Fwp%2Fv2%2Ftags&post=47106"}],"curies":[{"name":"wp","href":"https:\/\/api.w.org\/{rel}","templated":true}]}}