{"id":47108,"date":"2022-10-20T10:58:00","date_gmt":"2022-10-20T15:58:00","guid":{"rendered":"http:\/\/www.zonaroja.com.mx\/?p=47108"},"modified":"2022-10-20T17:19:14","modified_gmt":"2022-10-20T22:19:14","slug":"catem-una-historia-de-violencia-e-impunidad-en-oaxaca","status":"publish","type":"post","link":"https:\/\/zonaroja.com.mx\/?p=47108","title":{"rendered":"CATEM, una historia de violencia e impunidad en Oaxaca"},"content":{"rendered":"\n<p>Alejandro Ju\u00e1rez\/Zona Roja.<\/p>\n\n\n\n<p>Oaxaca de Ju\u00e1rez, Oax., a 20 de octubre de 2022.- Transe\u00fantes, usuarios del transporte p\u00fablico, trabajadores de obras p\u00fablicas, e incluso, periodistas, bomberos, polic\u00edas y hasta las mismas autoridades gubernamentales han sido v\u00edctimas de actos violentos cometidos por integrantes de la Confederaci\u00f3n Aut\u00f3noma de Trabajadores y Empleados de M\u00e9xico (CATEM), durante los \u00faltimos tres a\u00f1os.&nbsp;<\/p>\n\n\n\n<p>Todo ello sin que alguno de esos hechos d\u00e9 pie a investigaciones y aprehensi\u00f3n los responsables, o que el Gobierno del Estado replantee los convenios laborales que mantiene con ese sector.<\/p>\n\n\n\n<p>La agresi\u00f3n m\u00e1s reciente de la agrupaci\u00f3n que a nivel nacional encabeza Pedro Haces Barba, y estatal Jaime Paz L\u00f3pez, se registr\u00f3 este martes, 18 de octubre, cuando alrededor de 30 agremiados de la CATEM sometieron e intimidaron a dos periodistas, Ismael Garc\u00eda y Juli\u00e1n Velasco.\u00a0<\/p>\n\n\n\n<p>Las v\u00edctimas hab\u00edan acudido a las riberas del r\u00edo Atoyac a cubrir una conferencia de prensa organizada por los vecinos de esa zona, quienes acusaron a la organizaci\u00f3n de generar un foco de infecci\u00f3n tras haber instalado un tiradero clandestino y al aire libre en los bordes del \u00e1rea natural.<\/p>\n\n\n\n<p>Al terminar la conferencia, los sujetos se acercaron a un grupo de periodistas e intentaron arrebatarles sus dispositivos m\u00f3viles a dos de ellos, quienes se identificaron como periodistas y comenzaron a grabar los hechos.<\/p>\n\n\n\n<p>No conformes con la agresi\u00f3n a los comunicadores, los sujetos adheridos a esta organizaci\u00f3n tambi\u00e9n agredieron a un hombre que estaba descargando un cami\u00f3n cerca de la zona, y a \u00e9ste s\u00ed lograron quitarle a celular. No obstante, polic\u00edas intervinieron y \u00abconvencieron\u00bb al responsable del delito de robo de devolver el dispositivo. El sujeto, sin temor alguno, hizo lo solicitado, y se retir\u00f3 libremente del lugar. <\/p>\n\n\n\n<p>Aunque los hechos se documentaron, hab\u00eda testigos, grabaciones y las v\u00edctimas a\u00fan hallaban en el lugar, ni la polic\u00eda municipal de Oaxaca de Ju\u00e1rez ni los elementos de la Polic\u00eda Estatal aprehendieron a alg\u00fan responsable.<\/p>\n\n\n\n<p>AGRESI\u00d3N TRAS AGRESI\u00d3N<\/p>\n\n\n\n<p>Este \u00faltimo caso se suma a una serie de actos violentos en los que integrantes de la CATEM han agredido a los representantes de los medios de comunicaci\u00f3n con el objetivo de entorpecer la labor informativa.&nbsp;<\/p>\n\n\n\n<p>En m\u00faltiples ocasiones la intenci\u00f3n de los agremiados ha sido intentar robar o destruir el equipo con el que reporteros y reporteras graban eventos que pueden exhibir la anarqu\u00eda con la que manejan los integrantes de esta organizaci\u00f3n que ha caminado con el Gobierno del Estado. <\/p>\n\n\n\n<p>A penas, en febrero pasado, integrantes de\u00a0 CATEM agredieron a un reportero, Javier Santiago, quien se hallaba cubriendo un bloqueo de normalistas. Los hechos se registraron cuando los manifestantes bloquearon la carretera Oaxaca-M\u00e9xico, a la altura de San Pablo, Etla, y un grupo de sujetos encapuchados, quienes posteriormente fueron identificados c\u00f3mo miembros de la organizaci\u00f3n desaloj\u00f3 con violencia a los estudiantes.\u00a0<\/p>\n\n\n\n<p>En medio de esos actos, un reportero que grababa la forma de operar de ese grupo, fue golpeado y su equipo de trabajo fue da\u00f1ado. <\/p>\n\n\n\n<p>En diciembre pasado, integrantes de CATEM acudieron a desalojar a un grupo de trabajadores del ayuntamiento de Huajuapan de Le\u00f3n, quienes llevaban 12 horas de protesta y toma de oficinas municipales.<\/p>\n\n\n\n<p>Los sujetos arribaron al palacio efectuando disparos al aire libre, lanzando cohetones y agredieron f\u00edsica y verbalmente a quienes se hallaban en el lugar, tanto manifestantes, como transe\u00fantes y comunicadores.<\/p>\n\n\n\n<p>En los hechos, tres periodistas fueron agredidos Leslie Aguilar, Francisco Ortiz y \u00c1lvaro Medina, mientras cubr\u00edan los hechos violentos. Medina, adem\u00e1s, sufri\u00f3 el robo de su equipo de trabajo.<\/p>\n\n\n\n<p>Durante las agresiones, los elementos de la polic\u00eda municipal y la Estatal que se hallaban en la zona, se mantuvieron al margen de los hechos, y hasta la fecha, ninguna persona ha sido detenida por ese desalojo que dej\u00f3 dos personas con lesiones graves.<\/p>\n\n\n\n<p>Hace dos a\u00f1os, en noviembre de 2020, integrantes de la Confederaci\u00f3n, bloquearon las oficinas del Tribunal Unitario Agrario, luego de haber sido fueron contratados para impedir la celebraci\u00f3n de una audiencia, y cuando un grupo de reporteros arribo al lugar para dar cobertura a la toma de las oficinas, fueron golpeados por los sujetos.\u00a0<\/p>\n\n\n\n<p>Al menos 11 reporteros resultaron con lesiones y da\u00f1os en sus equipos de trabajo, otros m\u00e1s, incluso, con p\u00e9rdidas totales.<\/p>\n\n\n\n<p>COLONOS EN PELIGRO<\/p>\n\n\n\n<p>Las operaciones se\u00f1aladas contra CATEM no solo involucran la integraci\u00f3n de grupos de choque para desalojos, generaci\u00f3n violencia y agresiones a reporteros y transe\u00fantes. La organizaci\u00f3n tambi\u00e9n ha sido se\u00f1alada de hechos delictivos mayores en determinados municipios y colonias.<br><\/p>\n\n\n\n<p>En junio del 2020, habitantes del municipio de San Francisco Telixtlahuaca, ubicado en la regi\u00f3n de Valles Centrales, denunciaron que taxistas agremiados a la CATEM se dedican al traslado de migrantes indocumentados en la zona.\u00a0<\/p>\n\n\n\n<p>Los denunciantes pidieron intervenci\u00f3n inmediata de las autoridades, pues se\u00f1alaron que en las ocasiones que cuestionaron a los conductores, recibieron hasta amenazas de muerte. Los inconformes no recibieron respuesta gubernamental.<br>En junio de 2021, representantes del Comit\u00e9 de Vida Vecinal \u201cUnidos contra las injusticias\u201d de la agencia municipal Santa Rosa Panzacola, perteneciente al municipio capitalino, denunciaron que mototaxistas afiliados a la CATEM comenzaron a realizar cobros de piso, e intimidar a los comerciantes, adem\u00e1s de agredir a los colonos que cuestionaban su forma de actuar.<br>Incluso, los vecinos exigieron a la Fiscal\u00eda General la liberaci\u00f3n de \u00f3rdenes de aprehensi\u00f3n contra sujetos que agredieron a un presidente del Comit\u00e9 Vecinal, pero est\u00e1 detenci\u00f3n nunca se efectu\u00f3.<\/p>\n\n\n\n<p>HASTA BOMBEROS<\/p>\n\n\n\n<p>Con el paso del tiempo, cada vez son m\u00e1s los sectores que se han sumado a la exigencia de indagatorias y castigos contra los grupos de CATEM acusados de extorsionar, amedrentar, golpear y hasta retener a vecinos, periodistas y hasta los propios trabajadores gubernamentales.<\/p>\n\n\n\n<p>En agosto de 2020, los integrantes del Heroico Cuerpo de Bomberos y Protecci\u00f3n Civil en el municipio de Huajuapan de Le\u00f3n fueron retenidos por un grupo de sujetos identificados como integrantes de la CATEM.<\/p>\n\n\n\n<p>En esa ocasi\u00f3n, los servicios de emergencias en ese municipio quedaron paralizados, pues bomberos y personal de primeros auxilios que brindan servicio en ese territorio fueron privados temporalmente de su libertad.<\/p>\n\n\n\n<p>Los miembros de CATEM argumentaron que hab\u00edan sido contratados por brigadistas de la Comisi\u00f3n Nacional forestal (Conafor) para exigir pagos y contrataciones.<\/p>\n\n\n\n<p>Luego de que se instalar\u00e1n mesas de negociaci\u00f3n con los inconformes, los bomberos, polic\u00edas y personal de primeros auxilios fueron liberados, sin que las autoridades judiciales sancionaran a alg\u00fan integrante del grupo agresor.<\/p>\n\n\n\n<p>El hecho m\u00e1s reciente que ha sido cuestionado por la ciudadan\u00eda como una muestra del poder de CATEM incluso ante trabajadores gubernamentales ocurri\u00f3 en septiembre pasado, cuando personal de la Procuradur\u00eda Federal de Protecci\u00f3n al Ambiente (Profepa) fue agredido por recolectores de basura particulares afiliados a la CATEM.<\/p>\n\n\n\n<p>Los trabajadores federales hab\u00edan acudido a verificar el estado del tiradero clandestino ubicado en las riberas del R\u00edo Atoyac, creado por la organizaci\u00f3n tras el cierre del basurero de la Villa de Zaachila.<\/p>\n\n\n\n<p>El personal de la Profepa pretend\u00eda documentar el riesgo sanitario que se presenta en esa \u00e1rea, cuando fueron acorralados y amenazados por los trabajadores de CATEM, y para evitar una posible agresi\u00f3n, se retiraron del lugar sin culminar sus indagatorias en el tiradero.<\/p>\n\n\n\n<p>La Profepa inform\u00f3 que present\u00f3 la denuncia ante la Fiscal\u00eda General de la Rep\u00fablica. En tanto, la Fiscal\u00eda del Estado no tom\u00f3 acci\u00f3n contundente alguna ante este hecho; por el contrario, los agravios se intensificaron con la ampliaci\u00f3n de los tiraderos a cielo abierto y con este \u00faltimo atentado contra la libertad de prensa.<\/p>\n","protected":false},"excerpt":{"rendered":"<p>Alejandro Ju\u00e1rez\/Zona Roja. Oaxaca de Ju\u00e1rez, Oax., a 20 de octubre de 2022.- Transe\u00fantes, usuarios&hellip;<\/p>\n","protected":false},"author":2,"featured_media":47110,"comment_status":"closed","ping_status":"open","sticky":false,"template":"","format":"standard","meta":{"_lmt_disableupdate":"","_lmt_disable":"","_jetpack_memberships_contains_paid_content":false,"footnotes":""},"categories":[109,47],"tags":[1069],"class_list":["post-47108","post","type-post","status-publish","format-standard","has-post-thumbnail","hentry","category-minuto-a-minuto","category-zona-gris","tag-confederacion-autonoma-de-trabajadores-y-empleados-de-mexico-catem"],"jetpack_featured_media_url":"https:\/\/zonaroja.com.mx\/wp-content\/uploads\/2022\/10\/CATEM-Confederacion-Autonoma-de-Trabajadores-.jpg","jetpack_sharing_enabled":true,"_links":{"self":[{"href":"https:\/\/zonaroja.com.mx\/index.php?rest_route=\/wp\/v2\/posts\/47108","targetHints":{"allow":["GET"]}}],"collection":[{"href":"https:\/\/zonaroja.com.mx\/index.php?rest_route=\/wp\/v2\/posts"}],"about":[{"href":"https:\/\/zonaroja.com.mx\/index.php?rest_route=\/wp\/v2\/types\/post"}],"author":[{"embeddable":true,"href":"https:\/\/zonaroja.com.mx\/index.php?rest_route=\/wp\/v2\/users\/2"}],"replies":[{"embeddable":true,"href":"https:\/\/zonaroja.com.mx\/index.php?rest_route=%2Fwp%2Fv2%2Fcomments&post=47108"}],"version-history":[{"count":1,"href":"https:\/\/zonaroja.com.mx\/index.php?rest_route=\/wp\/v2\/posts\/47108\/revisions"}],"predecessor-version":[{"id":47111,"href":"https:\/\/zonaroja.com.mx\/index.php?rest_route=\/wp\/v2\/posts\/47108\/revisions\/47111"}],"wp:featuredmedia":[{"embeddable":true,"href":"https:\/\/zonaroja.com.mx\/index.php?rest_route=\/wp\/v2\/media\/47110"}],"wp:attachment":[{"href":"https:\/\/zonaroja.com.mx\/index.php?rest_route=%2Fwp%2Fv2%2Fmedia&parent=47108"}],"wp:term":[{"taxonomy":"category","embeddable":true,"href":"https:\/\/zonaroja.com.mx\/index.php?rest_route=%2Fwp%2Fv2%2Fcategories&post=47108"},{"taxonomy":"post_tag","embeddable":true,"href":"https:\/\/zonaroja.com.mx\/index.php?rest_route=%2Fwp%2Fv2%2Ftags&post=47108"}],"curies":[{"name":"wp","href":"https:\/\/api.w.org\/{rel}","templated":true}]}}