{"id":47118,"date":"2022-10-20T07:32:54","date_gmt":"2022-10-20T12:32:54","guid":{"rendered":"http:\/\/www.zonaroja.com.mx\/?p=47118"},"modified":"2022-10-20T07:32:56","modified_gmt":"2022-10-20T12:32:56","slug":"a-casi-dos-anos-no-hay-justicia-por-muerte-de-gaby-ciclista-atropellada","status":"publish","type":"post","link":"https:\/\/zonaroja.com.mx\/?p=47118","title":{"rendered":"A casi dos a\u00f1os, no hay justicia por muerte de Gaby, ciclista atropellada"},"content":{"rendered":"\n<p>Redacci\u00f3n\/Zona Roja.<\/p>\n\n\n\n<p>Oaxaca de Ju\u00e1rez, Oax., a 20 de octubre de 2022.- A casi dos a\u00f1os de la muerte de Gabriela Soto Garc\u00eda, atropellada por un cami\u00f3n de pasajeros en la jurisdicci\u00f3n de Santa Cruz Xoxocotl\u00e1n, no hay justicia.<\/p>\n\n\n\n<p>Fue el 18 de diciembre de 2020, en que la joven fue arrollada por una unidad de motor de la l\u00ednea \u201cZaachila Yoo\u201d, sobre el bulevar Guadalupe Hinojosa; la unidad tiene seguro de da\u00f1os de \u201cQu\u00e1litas\u00bb Compa\u00f1\u00eda de Seguros, S.A.B. de C.V. y Subsidiarias.<\/p>\n\n\n\n<p>Por lo que se inici\u00f3 el proceso penal contra la empresa de transporte y contra la aseguradora, pero hasta la fecha sigue sin resoluci\u00f3n.&nbsp;<\/p>\n\n\n\n<p>\u201cCabe se\u00f1alar que el chofer, el d\u00eda del hecho se dio a la fuga, y posteriormente en la primera audiencia se escap\u00f3 argumentando que \u2018iba al ba\u00f1o\u2019, raz\u00f3n por la que el juez dict\u00f3 orden de aprehensi\u00f3n y en su momento prisi\u00f3n preventiva, el chofer al igual que dichas empresas interponen amparos para alentar el procedimiento\u201d, detall\u00f3 la asociaci\u00f3n civil \u201cGaby Bici Blanca\u201d.<\/p>\n\n\n\n<p>En un comunicado, rese\u00f1\u00f3 que a casi dos a\u00f1os de la muerte de Gabriela Soto Garc\u00eda, las empresas involucradas, en su car\u00e1cter de responsables solidarios, se niegan a hacer el pago de la p\u00f3liza, ni \u201cZaachila Yoo\u201d ni \u201cQu\u00e1litas\u201d han actuado como terceros involucrados en este homicidio.<\/p>\n\n\n\n<p>\u201cQuieren hacer negociaciones sin involucrar a las autoridades que conocen del caso y argumentan no tener dinero para la indemnizaci\u00f3n que legalmente le corresponde a los deudos de Gabriela y al contrario se han encargado de revictimizar a su hermana, Esther Soto, v\u00edctima indirecta\u201d, expuso.<\/p>\n\n\n\n<p>\u201cCreemos que debemos unir voces a hacerles saber a las empresas involucradas que no creemos en su buena fe y menos en la compa\u00f1\u00eda de seguros, a quien su representante se vende al administrador de la l\u00ednea de autobuses involucrada en el homicidio\u201d, agreg\u00f3.<\/p>\n\n\n\n<p>\u201cY no debemos permitir, todos como ciudadanos, como peatones, como conductores, que las l\u00edneas de transporte, solo se beneficien de nosotros y que circulen por las calles sin ninguna conciencia, sin respeto a nosotros, que somos quienes les ayudamos a llevar el pan de cada d\u00eda a sus hogares, porque al igual que nosotros tiene familia y los esperan.<\/p>\n\n\n\n<p>\u201cTampoco debemos permitir que las aseguradoras como \u2018Qu\u00e1litas\u2019, solo se encarguen de vender sus seguros y a la hora de que les exijamos su intervenci\u00f3n se quieran salir por la tangente, sin dar la cara por sus asegurados\u201d, remarc\u00f3 la asociaci\u00f3n, al reiterar su demanda para que la empresa pague lo que corresponda.<\/p>\n","protected":false},"excerpt":{"rendered":"<p>Redacci\u00f3n\/Zona Roja. Oaxaca de Ju\u00e1rez, Oax., a 20 de octubre de 2022.- A casi dos&hellip;<\/p>\n","protected":false},"author":2,"featured_media":22473,"comment_status":"closed","ping_status":"open","sticky":false,"template":"","format":"standard","meta":{"_lmt_disableupdate":"","_lmt_disable":"","_jetpack_memberships_contains_paid_content":false,"footnotes":""},"categories":[109,47],"tags":[2304],"class_list":["post-47118","post","type-post","status-publish","format-standard","has-post-thumbnail","hentry","category-minuto-a-minuto","category-zona-gris","tag-gabriela-soto"],"jetpack_featured_media_url":"https:\/\/zonaroja.com.mx\/wp-content\/uploads\/2021\/01\/Gabriela-Soto-ciclista.jpg","jetpack_sharing_enabled":true,"_links":{"self":[{"href":"https:\/\/zonaroja.com.mx\/index.php?rest_route=\/wp\/v2\/posts\/47118","targetHints":{"allow":["GET"]}}],"collection":[{"href":"https:\/\/zonaroja.com.mx\/index.php?rest_route=\/wp\/v2\/posts"}],"about":[{"href":"https:\/\/zonaroja.com.mx\/index.php?rest_route=\/wp\/v2\/types\/post"}],"author":[{"embeddable":true,"href":"https:\/\/zonaroja.com.mx\/index.php?rest_route=\/wp\/v2\/users\/2"}],"replies":[{"embeddable":true,"href":"https:\/\/zonaroja.com.mx\/index.php?rest_route=%2Fwp%2Fv2%2Fcomments&post=47118"}],"version-history":[{"count":1,"href":"https:\/\/zonaroja.com.mx\/index.php?rest_route=\/wp\/v2\/posts\/47118\/revisions"}],"predecessor-version":[{"id":47119,"href":"https:\/\/zonaroja.com.mx\/index.php?rest_route=\/wp\/v2\/posts\/47118\/revisions\/47119"}],"wp:featuredmedia":[{"embeddable":true,"href":"https:\/\/zonaroja.com.mx\/index.php?rest_route=\/wp\/v2\/media\/22473"}],"wp:attachment":[{"href":"https:\/\/zonaroja.com.mx\/index.php?rest_route=%2Fwp%2Fv2%2Fmedia&parent=47118"}],"wp:term":[{"taxonomy":"category","embeddable":true,"href":"https:\/\/zonaroja.com.mx\/index.php?rest_route=%2Fwp%2Fv2%2Fcategories&post=47118"},{"taxonomy":"post_tag","embeddable":true,"href":"https:\/\/zonaroja.com.mx\/index.php?rest_route=%2Fwp%2Fv2%2Ftags&post=47118"}],"curies":[{"name":"wp","href":"https:\/\/api.w.org\/{rel}","templated":true}]}}