{"id":47120,"date":"2022-10-20T10:35:00","date_gmt":"2022-10-20T15:35:00","guid":{"rendered":"http:\/\/www.zonaroja.com.mx\/?p=47120"},"modified":"2022-10-20T08:33:31","modified_gmt":"2022-10-20T13:33:31","slug":"crisis-de-la-basura-por-omision-y-abandono-cronico-de-autoridades-sikanda","status":"publish","type":"post","link":"https:\/\/zonaroja.com.mx\/?p=47120","title":{"rendered":"Crisis de la basura, por omisi\u00f3n y abandono cr\u00f3nico de autoridades: Sikanda"},"content":{"rendered":"\n<p>Redacci\u00f3n\/Zona Roja.<\/p>\n\n\n\n<p>Oaxaca de Ju\u00e1rez, Oax., a 20 de octubre de 2022.- La crisis de la basura en la ciudad de Oaxaca y municipios conurbados es resultado del abandono cr\u00f3nico y de la omisi\u00f3n de las responsabilidades de autoridades estatales y municipales.<\/p>\n\n\n\n<p>As\u00ed lo consider\u00f3 la asociaci\u00f3n civil Sikanda Internacional, que se\u00f1al\u00f3 adem\u00e1s que no hay planes comprehensivos e integrales, con enfoque de derechos, para la reducci\u00f3n, recolecci\u00f3n, recuperaci\u00f3n, traslado, tratamiento y disposici\u00f3n final de los residuos.<\/p>\n\n\n\n<p>\u201cLa opacidad en la gesti\u00f3n de los mismos, afectan gravemente los derechos a un medio ambiente sano y a la salud de la poblaci\u00f3n oaxaque\u00f1a\u201d, detall\u00f3 en un comunicado.<\/p>\n\n\n\n<p>Asimismo, destac\u00f3 que la poblaci\u00f3n que habita alrededor del reci\u00e9n clausurado basurero en la zona oriente de Villa de Zaachila, ha enfrentado una constante estigmatizaci\u00f3n, marginaci\u00f3n y discriminaci\u00f3n por parte de las autoridades y de la ciudadan\u00eda que durante a\u00f1os deposit\u00f3 en dicho territorio sus residuos.<\/p>\n\n\n\n<p>Ello, sin reconocer los derechos y la importante labor ambiental que realizan las personas recicladoras. \u201cIgualmente, es la poblaci\u00f3n de dicha zona la que ha enfrentado y enfrentar\u00e1 afectaciones en su salud y entorno, derivado de los residuos que generamos\u201d, expuso.<\/p>\n\n\n\n<p>Ante la actual situaci\u00f3n, y derivado de m\u00e1s de 13 a\u00f1os de trabajo impulsando un enfoque de reciclaje inclusivo, as\u00ed como la visibilizaci\u00f3n y reconocimiento del trabajo de las personas recicladoras en el estado, SiKanda hizo un llamado a las autoridades competentes a promover una gesti\u00f3n integral de residuos s\u00f3lidos urbanos desde lo local, asumiendo los municipios su responsabilidad bajo un enfoque de derechos humanos, sustentabilidad e inclusi\u00f3n social.<\/p>\n\n\n\n<p>Asimismo, favorecer acciones para la reducci\u00f3n de residuos desde las fuentes generadoras, aplicando y promoviendo normativas que promuevan la reducci\u00f3n de empaques y embalajes, la separaci\u00f3n de residuos desde la fuente; la recuperaci\u00f3n de residuos para el reciclaje; y la adecuada gesti\u00f3n de residuos org\u00e1nicos.<\/p>\n\n\n\n<p>Adem\u00e1s, promover la inversi\u00f3n p\u00fablica y privada con enfoque de econom\u00eda circular, impulsando cadenas de valor de reciclaje a nivel local.<\/p>\n\n\n\n<p>Destaca la necesidad de inversiones federales y estatales en sistemas integrales de gesti\u00f3n de residuos, ya que para los municipios es imposible asumir la totalidad de los costos para la creaci\u00f3n y manejo de rellenos sanitarios.<\/p>\n\n\n\n<p>Promover un enfoque de Reciclaje Inclusivo que reconozca y respete los derechos humanos de las personas recicladoras que laboran en basureros y rellenos sanitarios.<\/p>\n\n\n\n<p>Impulsar la participaci\u00f3n de las personas recicladoras en el dise\u00f1o y toma de decisiones relacionadas con la gesti\u00f3n de residuos s\u00f3lidos y reconocer el valioso trabajo realizado por dichas personas en la gesti\u00f3n de residuos de materiales reciclables por m\u00e1s de 30 a\u00f1os en el basurero de Zaachila.<\/p>\n\n\n\n<p>Entre otros planteamiento, promover oportunidades laborales dignas para las personas recicladoras que se quedan sin empleo debido al cierre del basurero de Zaachila.<\/p>\n\n\n\n<p>Asegurar que el plan de clausura del basurero de Zaachila oriente y su programa de mantenimiento, consideren las afectaciones ambientales, sociales, econ\u00f3micas y a la salud que enfrentan tanto las y los recicladores, como quienes habitan alrededor del basurero.<\/p>\n\n\n\n<p>A la sociedad en general, sumirse como corresponsables en la gesti\u00f3n de sus propios residuos, reduciendo la generaci\u00f3n de los mismos desde hogares y negocios, adem\u00e1s de participar activamente en la separaci\u00f3n adecuada de residuos.<\/p>\n\n\n\n<p>\u201cLa basura es una problem\u00e1tica acumulativa que impacta a las y los actuales habitantes de Oaxaca y que continuar\u00e1 afectando a las generaciones por venir\u201d, remarc\u00f3 Sikanda Internacional.&nbsp;<\/p>\n","protected":false},"excerpt":{"rendered":"<p>Redacci\u00f3n\/Zona Roja. Oaxaca de Ju\u00e1rez, Oax., a 20 de octubre de 2022.- La crisis de&hellip;<\/p>\n","protected":false},"author":2,"featured_media":47121,"comment_status":"closed","ping_status":"open","sticky":false,"template":"","format":"standard","meta":{"_lmt_disableupdate":"","_lmt_disable":"","_jetpack_memberships_contains_paid_content":false,"footnotes":""},"categories":[109,47],"tags":[1952],"class_list":["post-47120","post","type-post","status-publish","format-standard","has-post-thumbnail","hentry","category-minuto-a-minuto","category-zona-gris","tag-sikanda-a-c"],"jetpack_featured_media_url":"https:\/\/zonaroja.com.mx\/wp-content\/uploads\/2022\/10\/Basura-ciudad-de-Oaxaca-calle-Fiallo.jpg","jetpack_sharing_enabled":true,"_links":{"self":[{"href":"https:\/\/zonaroja.com.mx\/index.php?rest_route=\/wp\/v2\/posts\/47120","targetHints":{"allow":["GET"]}}],"collection":[{"href":"https:\/\/zonaroja.com.mx\/index.php?rest_route=\/wp\/v2\/posts"}],"about":[{"href":"https:\/\/zonaroja.com.mx\/index.php?rest_route=\/wp\/v2\/types\/post"}],"author":[{"embeddable":true,"href":"https:\/\/zonaroja.com.mx\/index.php?rest_route=\/wp\/v2\/users\/2"}],"replies":[{"embeddable":true,"href":"https:\/\/zonaroja.com.mx\/index.php?rest_route=%2Fwp%2Fv2%2Fcomments&post=47120"}],"version-history":[{"count":1,"href":"https:\/\/zonaroja.com.mx\/index.php?rest_route=\/wp\/v2\/posts\/47120\/revisions"}],"predecessor-version":[{"id":47123,"href":"https:\/\/zonaroja.com.mx\/index.php?rest_route=\/wp\/v2\/posts\/47120\/revisions\/47123"}],"wp:featuredmedia":[{"embeddable":true,"href":"https:\/\/zonaroja.com.mx\/index.php?rest_route=\/wp\/v2\/media\/47121"}],"wp:attachment":[{"href":"https:\/\/zonaroja.com.mx\/index.php?rest_route=%2Fwp%2Fv2%2Fmedia&parent=47120"}],"wp:term":[{"taxonomy":"category","embeddable":true,"href":"https:\/\/zonaroja.com.mx\/index.php?rest_route=%2Fwp%2Fv2%2Fcategories&post=47120"},{"taxonomy":"post_tag","embeddable":true,"href":"https:\/\/zonaroja.com.mx\/index.php?rest_route=%2Fwp%2Fv2%2Ftags&post=47120"}],"curies":[{"name":"wp","href":"https:\/\/api.w.org\/{rel}","templated":true}]}}