{"id":47124,"date":"2022-10-20T08:36:02","date_gmt":"2022-10-20T13:36:02","guid":{"rendered":"http:\/\/www.zonaroja.com.mx\/?p=47124"},"modified":"2022-10-20T08:36:05","modified_gmt":"2022-10-20T13:36:05","slug":"cargo-de-fiscal-es-irrenunciable-hay-resultados-arturo-peimbert","status":"publish","type":"post","link":"https:\/\/zonaroja.com.mx\/?p=47124","title":{"rendered":"Cargo de fiscal es irrenunciable; hay resultados: Arturo Peimbert"},"content":{"rendered":"\n<p>Ismael Garc\u00eda M.\/Zona Roja.<\/p>\n\n\n\n<p>Oaxaca de Ju\u00e1rez, Oax., a 20 de octubre de 2022.- En la Fiscal\u00eda General del Estado de Oaxaca hay resultados y se abate la impunidad y las injusticias, declar\u00f3 el titular de esa instituci\u00f3n, Arturo Peimbert Calvo.<\/p>\n\n\n\n<p>En entrevista con Humberto Cruz, en Radio ORO, reiter\u00f3 tambi\u00e9n que el cargo de fiscal es irrenunciable; \u201cno tengo pensado renunciar. Todas las instituciones tenemos que cumplir en el mejor beneficio de la sociedad y hay todo un mecanismo para ello.<\/p>\n\n\n\n<p>\u201cLa Fiscal\u00eda se est\u00e1 fortaleciendo; hemos logrado que se pueda tener una relaci\u00f3n cercana con los \u00f3rganos de seguridad nacional, concretamente con la Secretar\u00eda de Seguridad P\u00fablica federal.<\/p>\n\n\n\n<p>\u201cEso ha favorecido mucho, pues aunque estamos en un marco de autonom\u00eda, pues no somos una isla; eso de estar aislados no favorece nada. Yo creo que hay muchos avances que no dependa de las personas el funcionamiento de la instituci\u00f3n\u201d, dijo.<\/p>\n\n\n\n<p>Expuso que se abate la impunidad en delitos generales y de alto impacto; habr\u00e1 una acci\u00f3n de fuerza en cada caso para frenar la impunidad, recalc\u00f3 el funcionario.<\/p>\n\n\n\n<p>Indic\u00f3 que en la Fiscal\u00eda hay investigaciones y resultados, y se trabaja de manera coordinada en la Mesa de la Construcci\u00f3n de la Paz con los tres \u00f3rdenes de gobierno.<\/p>\n\n\n\n<p>Peimbert Calvo a\u00f1adi\u00f3 que en las pr\u00f3ximas horas se anunciar\u00e1 una estrategia integral para reforzar el modelo de prevenci\u00f3n y gesti\u00f3n a fin de frenar los delitos.<\/p>\n\n\n\n<p>Adem\u00e1s, se impulsa la reestructuraci\u00f3n en la Fiscal\u00eda, se hacen los ajustes para circular personal a fin de evitar vicios y pr\u00e1cticas insanas en la funci\u00f3n p\u00fablica, declar\u00f3 el fiscal de Oaxaca.<\/p>\n\n\n\n<figure class=\"wp-block-embed is-type-rich is-provider-twitter wp-block-embed-twitter\"><div class=\"wp-block-embed__wrapper\">\n<div class=\"twitter-tweet\"><blockquote class=\"twitter-tweet\" data-lang=\"es\"><p lang=\"es\" dir=\"ltr\">\u203c\ufe0f\u26a0\ufe0f <a href=\"https:\/\/twitter.com\/hashtag\/Entrevista?src=hash&amp;ref_src=twsrc%5Etfw\">#Entrevista<\/a> \u26a0\ufe0f\u203c\ufe0f\ud83d\udcde\ud83d\udcfb  El Fiscal Arturo Peimbert  reitera que su cargo es irrenunciable y sostiene que la Fiscal\u00eda General del Estado de Oaxaca  se est\u00e1 fortaleciendo por la coordinaci\u00f3n con el gobierno de la Rep\u00fablica.<a href=\"https:\/\/twitter.com\/hashtag\/Redacci%C3%B3nOaxaca?src=hash&amp;ref_src=twsrc%5Etfw\">#Redacci\u00f3nOaxaca<\/a> <a href=\"https:\/\/twitter.com\/hashtag\/Oaxaca?src=hash&amp;ref_src=twsrc%5Etfw\">#Oaxaca<\/a> <a href=\"https:\/\/t.co\/J2NomXjjt1\">pic.twitter.com\/J2NomXjjt1<\/a><\/p>&mdash; Redacci\u00f3n Oaxaca (@RedaccionO) <a href=\"https:\/\/twitter.com\/RedaccionO\/status\/1582850492170108928?ref_src=twsrc%5Etfw\">19 de octubre de 2022<\/a><\/blockquote><\/div>\n<\/div><\/figure>\n","protected":false},"excerpt":{"rendered":"<p>Ismael Garc\u00eda M.\/Zona Roja. Oaxaca de Ju\u00e1rez, Oax., a 20 de octubre de 2022.- En&hellip;<\/p>\n","protected":false},"author":2,"featured_media":31004,"comment_status":"closed","ping_status":"open","sticky":false,"template":"","format":"standard","meta":{"_lmt_disableupdate":"","_lmt_disable":"","_jetpack_memberships_contains_paid_content":false,"footnotes":""},"categories":[109,46],"tags":[2532],"class_list":["post-47124","post","type-post","status-publish","format-standard","has-post-thumbnail","hentry","category-minuto-a-minuto","category-zona-blanca","tag-arturo-peimbert-calvo"],"jetpack_featured_media_url":"https:\/\/zonaroja.com.mx\/wp-content\/uploads\/2021\/08\/Arturo-Peimbert-Calvo.jpg","jetpack_sharing_enabled":true,"_links":{"self":[{"href":"https:\/\/zonaroja.com.mx\/index.php?rest_route=\/wp\/v2\/posts\/47124","targetHints":{"allow":["GET"]}}],"collection":[{"href":"https:\/\/zonaroja.com.mx\/index.php?rest_route=\/wp\/v2\/posts"}],"about":[{"href":"https:\/\/zonaroja.com.mx\/index.php?rest_route=\/wp\/v2\/types\/post"}],"author":[{"embeddable":true,"href":"https:\/\/zonaroja.com.mx\/index.php?rest_route=\/wp\/v2\/users\/2"}],"replies":[{"embeddable":true,"href":"https:\/\/zonaroja.com.mx\/index.php?rest_route=%2Fwp%2Fv2%2Fcomments&post=47124"}],"version-history":[{"count":1,"href":"https:\/\/zonaroja.com.mx\/index.php?rest_route=\/wp\/v2\/posts\/47124\/revisions"}],"predecessor-version":[{"id":47125,"href":"https:\/\/zonaroja.com.mx\/index.php?rest_route=\/wp\/v2\/posts\/47124\/revisions\/47125"}],"wp:featuredmedia":[{"embeddable":true,"href":"https:\/\/zonaroja.com.mx\/index.php?rest_route=\/wp\/v2\/media\/31004"}],"wp:attachment":[{"href":"https:\/\/zonaroja.com.mx\/index.php?rest_route=%2Fwp%2Fv2%2Fmedia&parent=47124"}],"wp:term":[{"taxonomy":"category","embeddable":true,"href":"https:\/\/zonaroja.com.mx\/index.php?rest_route=%2Fwp%2Fv2%2Fcategories&post=47124"},{"taxonomy":"post_tag","embeddable":true,"href":"https:\/\/zonaroja.com.mx\/index.php?rest_route=%2Fwp%2Fv2%2Ftags&post=47124"}],"curies":[{"name":"wp","href":"https:\/\/api.w.org\/{rel}","templated":true}]}}