{"id":47126,"date":"2022-10-20T08:52:21","date_gmt":"2022-10-20T13:52:21","guid":{"rendered":"http:\/\/www.zonaroja.com.mx\/?p=47126"},"modified":"2022-10-20T08:52:22","modified_gmt":"2022-10-20T13:52:22","slug":"asaltan-con-violencia-a-dos-mujeres-cerca-del-centro-de-convenciones-de-oaxaca","status":"publish","type":"post","link":"https:\/\/zonaroja.com.mx\/?p=47126","title":{"rendered":"Asaltan con violencia a dos mujeres cerca del Centro de Convenciones de Oaxaca"},"content":{"rendered":"\n<p>Redacci\u00f3n\/Zona Roja.<\/p>\n\n\n\n<p>Oaxaca de Ju\u00e1rez, Oax., a 20 de octubre de 2022.- Dos mujeres de la tercera edad fueron asaltadas con violencia a unas cuadras del Centro Cultural y de Convenciones de Oaxaca, en jurisdicci\u00f3n de Santa Luc\u00eda del Camino.<\/p>\n\n\n\n<p>Fue alrededor de las 14:00 horas de ayer mi\u00e9rcoles en que las abuelitas salieron de un curso de imparti\u00f3 el ayuntamiento en el casco municipal y se dirig\u00edan a sus domicilios en la colonia El Baj\u00edo.<\/p>\n\n\n\n<p>Sin embargo, al caminar en la esquina de la calle 12 de Octubre de la colonia Nacional y la calle prolongaci\u00f3n de Para\u00edso de la colonia del Bosque, fueron interceptadas por un sujeto de aproximadamente 22 a\u00f1os de edad, cabello corto, moreno, tatuajes en los brazos, de aproximadamente 1:60 metros de estatura.<\/p>\n\n\n\n<p>El hombre que vest\u00eda playera verde, le arrebat\u00f3 con violencia los aretes de oro a una de las mujeres, identificada como E. N., de 80 a\u00f1os de edad, dej\u00e1ndola con heridas y el rostro con sangre, mientras que su acompa\u00f1ante, tambi\u00e9n de la tercera edad, logr\u00f3 sujetar su bolso para impedir un segundo atraco.<\/p>\n\n\n\n<p>Debido a las lesiones de la anciana, y tras el auxilio de las personas que circulaban por la zona, al lugar llegaron elementos de la Polic\u00eda Municipal y param\u00e9dicos del grupo Halcones, quienes atendieron a la mujer que sangraba de ambas orejas.<\/p>\n\n\n\n<p>Los uniformados y comerciantes, indignados por los hechos realizaron un operativo para buscar al responsable quien logr\u00f3 darse a la fuga.<\/p>\n\n\n\n<p>(Con informaci\u00f3n de \u201cC\u00f3dices Oaxaca\u201d)<\/p>\n","protected":false},"excerpt":{"rendered":"<p>Redacci\u00f3n\/Zona Roja. Oaxaca de Ju\u00e1rez, Oax., a 20 de octubre de 2022.- Dos mujeres de&hellip;<\/p>\n","protected":false},"author":2,"featured_media":47122,"comment_status":"closed","ping_status":"open","sticky":false,"template":"","format":"standard","meta":{"_lmt_disableupdate":"","_lmt_disable":"","_jetpack_memberships_contains_paid_content":false,"footnotes":""},"categories":[109,47],"tags":[337],"class_list":["post-47126","post","type-post","status-publish","format-standard","has-post-thumbnail","hentry","category-minuto-a-minuto","category-zona-gris","tag-santa-lucia-del-camino"],"jetpack_featured_media_url":"https:\/\/zonaroja.com.mx\/wp-content\/uploads\/2022\/10\/Asalto-Santa-Lucia-del-Camino.jpg","jetpack_sharing_enabled":true,"_links":{"self":[{"href":"https:\/\/zonaroja.com.mx\/index.php?rest_route=\/wp\/v2\/posts\/47126","targetHints":{"allow":["GET"]}}],"collection":[{"href":"https:\/\/zonaroja.com.mx\/index.php?rest_route=\/wp\/v2\/posts"}],"about":[{"href":"https:\/\/zonaroja.com.mx\/index.php?rest_route=\/wp\/v2\/types\/post"}],"author":[{"embeddable":true,"href":"https:\/\/zonaroja.com.mx\/index.php?rest_route=\/wp\/v2\/users\/2"}],"replies":[{"embeddable":true,"href":"https:\/\/zonaroja.com.mx\/index.php?rest_route=%2Fwp%2Fv2%2Fcomments&post=47126"}],"version-history":[{"count":1,"href":"https:\/\/zonaroja.com.mx\/index.php?rest_route=\/wp\/v2\/posts\/47126\/revisions"}],"predecessor-version":[{"id":47127,"href":"https:\/\/zonaroja.com.mx\/index.php?rest_route=\/wp\/v2\/posts\/47126\/revisions\/47127"}],"wp:featuredmedia":[{"embeddable":true,"href":"https:\/\/zonaroja.com.mx\/index.php?rest_route=\/wp\/v2\/media\/47122"}],"wp:attachment":[{"href":"https:\/\/zonaroja.com.mx\/index.php?rest_route=%2Fwp%2Fv2%2Fmedia&parent=47126"}],"wp:term":[{"taxonomy":"category","embeddable":true,"href":"https:\/\/zonaroja.com.mx\/index.php?rest_route=%2Fwp%2Fv2%2Fcategories&post=47126"},{"taxonomy":"post_tag","embeddable":true,"href":"https:\/\/zonaroja.com.mx\/index.php?rest_route=%2Fwp%2Fv2%2Ftags&post=47126"}],"curies":[{"name":"wp","href":"https:\/\/api.w.org\/{rel}","templated":true}]}}