{"id":47129,"date":"2022-10-20T15:07:38","date_gmt":"2022-10-20T20:07:38","guid":{"rendered":"https:\/\/www.zonaroja.com.mx\/?p=47129"},"modified":"2022-10-20T15:07:39","modified_gmt":"2022-10-20T20:07:39","slug":"logran-pena-maxima-por-robo-de-equipo-de-maria-del-sol-y-sancionan-a-ex-funcionario","status":"publish","type":"post","link":"https:\/\/zonaroja.com.mx\/?p=47129","title":{"rendered":"Logran pena m\u00e1xima por robo de equipo de Mar\u00eda del Sol y sancionan a ex funcionario"},"content":{"rendered":"\n<p>Yuridiana Sosa\/Zona Roja.<\/p>\n\n\n\n<p>Oaxaca de Ju\u00e1rez, Oax., a 20 de octubre de 2022.- A m\u00e1s de cuatro a\u00f1os y cinco meses del feminicidio de la fotoperiodista Mar\u00eda del Sol Cruz Jarqu\u00edn, en Juchit\u00e1n de Zaragoza, durante el cual se rob\u00f3 su equipo de trabajo, un juez fall\u00f3 a favor de la v\u00edctima y otorg\u00f3 la pena m\u00e1xima por robo agravado a H.A.C.H.<\/p>\n\n\n\n<p>La periodista y feminista Soledad Jarqu\u00edn Edgar, madre de Mar\u00eda del Sol, dio a conocer que el juez presidente del Tribunal de Enjuiciamiento Unitario del Circuito Judicial del Istmo, dict\u00f3 la pena m\u00e1xima de 13 a\u00f1os de prisi\u00f3n al responsable del robo agravado de la c\u00e1mara fotogr\u00e1fica, de video y computadora tras el asesinato de la joven.<\/p>\n\n\n\n<p>Sobre este delito qued\u00f3 pendiente la reparaci\u00f3n de da\u00f1os, hasta que sea evaluada de manera correcta la p\u00e9rdida del material por los a\u00f1os de trabajo fotogr\u00e1fico y videogr\u00e1fico en su computadora.&nbsp;<\/p>\n\n\n\n<p>\u201cNo ha sido f\u00e1cil, hemos permanecido en este esfuerzo a pesar de la p\u00e9rdida que sufrimos por el feminicidio de Mar\u00eda del Sol\u201d, expres\u00f3 Soledad Jarqu\u00edn en conferencia de prensa otorgada&nbsp;este jueves&nbsp;desde la capital del estado.<\/p>\n\n\n\n<p>Mar\u00eda del Sol, destac\u00f3 la madre, fue v\u00edctima de tres delitos antes y durante el 2 de junio de 2018, cuando se perpetr\u00f3 el crimen.&nbsp;&nbsp;<\/p>\n\n\n\n<p>El primero de ellos al ser comisionada, como trabajadora de la entonces Secretar\u00eda de Asuntos Ind\u00edgenas, para cubrir la campa\u00f1a del candidato a presidente municipal por el PRI-PVEM-PNA, Hageo Montero L\u00f3pez, hermano del titular de dicha secretar\u00eda, Francisco Javier Montero L\u00f3pez.&nbsp;<\/p>\n\n\n\n<p>El segundo fue el feminicidio, para el cual tuvieron que acudir a instancias internacionales para tener justicia luego que hace casi un a\u00f1o el caso fue sobrese\u00eddo ante el ineficaz desempe\u00f1o de la Fiscal\u00eda General de Oaxaca a cargo de Rub\u00e9n Vasconcelos.<\/p>\n\n\n\n<p>Mientras que el tercero fue el robo del equipo de trabajo, \u00fanico caso por el que existe una condena para el culpable y al mismo tiempo es satisfactoria.<\/p>\n\n\n\n<p>INHABILITACIONES INSUFICIENTES<\/p>\n\n\n\n<p>Soledad Jarqu\u00edn se\u00f1al\u00f3 que el ex funcionario estatal Francisco Javier Montero L\u00f3pez fue inhabilitado por cinco a\u00f1os para asumir cargos, empleo o comisiones en el servicio p\u00fablico, mientras que Hegeo Montero L\u00f3pez por tres a\u00f1os para participar en adjudicaci\u00f3n de obra so servicios de la obra p\u00fablica, por lo que se rompe su presunci\u00f3n de inocencia.<\/p>\n\n\n\n<p>Durante la conferencia de prensa, puntualiz\u00f3 que el pasado 6 de octubre la Sala Especializada en materia de responsabilidades administrativas y combate a la corrupci\u00f3n del Tribunal de Justicia Administrativa dio conocer la resoluci\u00f3n en el procedimiento de responsabilidad administrativa en el que resolvi\u00f3 imponer sanciones al ex titular de Asuntos Ind\u00edgenas del gobierno de Oaxaca, asentado en el expediente 4\/2020.<\/p>\n\n\n\n<p>El Tribunal de Justicia Administrativa consider\u00f3 responsable de desv\u00edo de recursos p\u00fablicos a F.J.M.L. y con un grado de responsabilidad en los actos a H.M.L.<\/p>\n\n\n\n<p>Por lo que se impuso una inhabilitaci\u00f3n de cinco a\u00f1os para F.J.M.L. en la funci\u00f3n p\u00fablica y un pago de indemnizaci\u00f3n por un monto de cuatro mil 200 pesos; a H.M.L. se le impuso la inhabilitaci\u00f3n de tres a\u00f1os para participar en adquisiciones de arrendamientos, servicios u obras y la sanci\u00f3n econ\u00f3mica de 161 mil 200 pesos.<\/p>\n\n\n\n<p>\u201cLas sanciones no son las que yo esperaba, considerando como resultado la p\u00e9rdida de la vida de mi hija, con p\u00e9rdidas incalculables para mi familia\u201d, sentenci\u00f3 la madre de Sol.&nbsp;<\/p>\n\n\n\n<p>Respecto al delito electoral, el cual se denunci\u00f3 ante la Fiscal\u00eda Especializada en Delito Electoral de Oaxaca, solicit\u00f3 al Instituto Estatal Electoral y de Participaci\u00f3n Ciudadana de Oaxaca (IEEPCO) que promueva la investigaci\u00f3n del caso, pues es a esa instituci\u00f3n a quien le corresponde exigir la b\u00fasqueda de justicia en este hecho. <\/p>\n\n\n\n<figure class=\"wp-block-embed\"><div class=\"wp-block-embed__wrapper\">\n<div class=\"twitter-tweet\"><blockquote class=\"twitter-tweet\" data-lang=\"es\"><p lang=\"es\" dir=\"ltr\"><a href=\"https:\/\/twitter.com\/hashtag\/%C3%9AltimoMinuto?src=hash&amp;ref_src=twsrc%5Etfw\">#\u00daltimoMinuto<\/a> <br>Logra Soledad Jarqu\u00edn y equipo jur\u00eddico un fallo favorable por el delito de robo agravado, ocurrido en el d\u00eda del feminicidio de su hija en <a href=\"https:\/\/twitter.com\/hashtag\/Juchit%C3%A1n?src=hash&amp;ref_src=twsrc%5Etfw\">#Juchit\u00e1n<\/a> <a href=\"https:\/\/twitter.com\/hashtag\/Oaxaca?src=hash&amp;ref_src=twsrc%5Etfw\">#Oaxaca<\/a>.<br>Agradece a la <a href=\"https:\/\/twitter.com\/FISCALIA_GobOax?ref_src=twsrc%5Etfw\">@FISCALIA_GobOax<\/a> el apoyo para lograr la justicia en este caso. <a href=\"https:\/\/t.co\/KYxycAecJA\">pic.twitter.com\/KYxycAecJA<\/a><\/p>&mdash; Zona Roja Oaxaca (@ZonaRoja_Oaxaca) <a href=\"https:\/\/twitter.com\/ZonaRoja_Oaxaca\/status\/1583138440819838979?ref_src=twsrc%5Etfw\">20 de octubre de 2022<\/a><\/blockquote><\/div>\n<\/div><\/figure>\n","protected":false},"excerpt":{"rendered":"<p>Yuridiana Sosa\/Zona Roja. Oaxaca de Ju\u00e1rez, Oax., a 20 de octubre de 2022.- A m\u00e1s&hellip;<\/p>\n","protected":false},"author":2,"featured_media":47128,"comment_status":"closed","ping_status":"open","sticky":false,"template":"","format":"standard","meta":{"_lmt_disableupdate":"","_lmt_disable":"","_jetpack_memberships_contains_paid_content":false,"footnotes":""},"categories":[109,47],"tags":[],"class_list":["post-47129","post","type-post","status-publish","format-standard","has-post-thumbnail","hentry","category-minuto-a-minuto","category-zona-gris"],"jetpack_featured_media_url":"https:\/\/zonaroja.com.mx\/wp-content\/uploads\/2022\/10\/5c34d8ec-e262-4cd9-b1d1-e76a3cda91bf.jpg","jetpack_sharing_enabled":true,"_links":{"self":[{"href":"https:\/\/zonaroja.com.mx\/index.php?rest_route=\/wp\/v2\/posts\/47129","targetHints":{"allow":["GET"]}}],"collection":[{"href":"https:\/\/zonaroja.com.mx\/index.php?rest_route=\/wp\/v2\/posts"}],"about":[{"href":"https:\/\/zonaroja.com.mx\/index.php?rest_route=\/wp\/v2\/types\/post"}],"author":[{"embeddable":true,"href":"https:\/\/zonaroja.com.mx\/index.php?rest_route=\/wp\/v2\/users\/2"}],"replies":[{"embeddable":true,"href":"https:\/\/zonaroja.com.mx\/index.php?rest_route=%2Fwp%2Fv2%2Fcomments&post=47129"}],"version-history":[{"count":1,"href":"https:\/\/zonaroja.com.mx\/index.php?rest_route=\/wp\/v2\/posts\/47129\/revisions"}],"predecessor-version":[{"id":47130,"href":"https:\/\/zonaroja.com.mx\/index.php?rest_route=\/wp\/v2\/posts\/47129\/revisions\/47130"}],"wp:featuredmedia":[{"embeddable":true,"href":"https:\/\/zonaroja.com.mx\/index.php?rest_route=\/wp\/v2\/media\/47128"}],"wp:attachment":[{"href":"https:\/\/zonaroja.com.mx\/index.php?rest_route=%2Fwp%2Fv2%2Fmedia&parent=47129"}],"wp:term":[{"taxonomy":"category","embeddable":true,"href":"https:\/\/zonaroja.com.mx\/index.php?rest_route=%2Fwp%2Fv2%2Fcategories&post=47129"},{"taxonomy":"post_tag","embeddable":true,"href":"https:\/\/zonaroja.com.mx\/index.php?rest_route=%2Fwp%2Fv2%2Ftags&post=47129"}],"curies":[{"name":"wp","href":"https:\/\/api.w.org\/{rel}","templated":true}]}}