{"id":47131,"date":"2022-10-20T18:44:35","date_gmt":"2022-10-20T23:44:35","guid":{"rendered":"http:\/\/www.zonaroja.com.mx\/?p=47131"},"modified":"2022-10-20T18:44:36","modified_gmt":"2022-10-20T23:44:36","slug":"galardonan-a-oaxaqueno-homero-blas-promotor-de-sistemas-agroalimentarios","status":"publish","type":"post","link":"https:\/\/zonaroja.com.mx\/?p=47131","title":{"rendered":"Galardonan a oaxaque\u00f1o Homero Blas, promotor de sistemas agroalimentarios"},"content":{"rendered":"\n<p>Redacci\u00f3n\/Zona Roja.<\/p>\n\n\n\n<p>Oaxaca de Ju\u00e1rez, Oax., a 20 de octubre de 2022.- El oaxaque\u00f1o Homero Blas Bustamante fue galardonado con el premio \u201cQui\u00e9n es Qui\u00e9n\u201d por el m\u00e9rito a la valoraci\u00f3n de los sistemas alimentarios de M\u00e9xico, en el marco del cuarto congreso Mesoamericano de los Consejos Agroalimentarios, celebrado recientemente en Morelia, Michoac\u00e1n.&nbsp;<\/p>\n\n\n\n<p>Blas Bustamante, originario de San Pedro Cafetitl\u00e1n, Pochutla, Oaxaca, es hijo de campesinos y estudi\u00f3 agronom\u00eda en la Universidad Aut\u00f3noma Chapingo, de donde egres\u00f3 en 1992 para iniciar una fruct\u00edfera carrera profesional en la que ha impulsado la producci\u00f3n y el consumo de alimentos sustentables, la agroecolog\u00eda y la agricultura org\u00e1nica, tanto a nivel nacional como internacional.&nbsp;<\/p>\n\n\n\n<p>Durante este acto celebrado el pasado 13 octubre, el presidente de los Consejos Agroalimentarios de M\u00e9xico, Jacobo Cabrera Palos, se refiri\u00f3 al perfil profesional de Homero Blas como un destacado promotor de los sistemas agroalimentarios del pa\u00eds.&nbsp;<\/p>\n\n\n\n<p>El premio fue entregado en presencia de la senadoras Nancy Guadalupe S\u00e1nchez Arredondo y Beatriz Paredes Rangel, presidenta y secretaria, respectivamente, de la Comisi\u00f3n de Agricultura, Ganader\u00eda, Pesca y Desarrollo Rural del Senado de la Rep\u00fablica.&nbsp;<\/p>\n\n\n\n<p>Blas Bustamante ha sido el principal impulsor de la Ley de Productos Org\u00e1nicos en M\u00e9xico y ha sido consejero representante de productores en el Consejo Nacional de Producci\u00f3n Org\u00e1nica (2017 a 2021).&nbsp;<\/p>\n\n\n\n<p>En su formaci\u00f3n profesional ha recibido cursos de capacitaci\u00f3n en inspecci\u00f3n y certificaci\u00f3n de productos org\u00e1nicos por el Departamento de Agricultura de Estados Unidos (USDA), de administraci\u00f3n de agroempresas por parte de la Universidad Aut\u00f3noma Chapingo, de agroecolog\u00eda por la Sociedad Cient\u00edfica Latinoamericana de Agroecolog\u00eda (SOCLA), y en comercio internacional y agricultura por el Instituto Interamericano de Cooperaci\u00f3n para la Agricultura (IICA).&nbsp;<\/p>\n\n\n\n<p>En 1992 particip\u00f3 en la Cumbre de la Tierra en Sao Pablo Brasil y desde entonces se afili\u00f3 como miembro de la Federaci\u00f3n Internacional de Movimientos de Agricultura Org\u00e1nica, organizaci\u00f3n de la cual fue presidente del 2017 a 2020 en Am\u00e9rica Latina.&nbsp;<\/p>\n\n\n\n<p>Blas Bustamante tambi\u00e9n a impartido m\u00faltiples conferencias nacionales e internacionales en relaci\u00f3n a la producci\u00f3n de alimentos org\u00e1nicos y ha sido consultor para la Agencia de Cooperaci\u00f3n Alemana en temas de agroecolog\u00eda y actualmente para la Fundaci\u00f3n ReNature de B\u00e9lgica en temas de agroforester\u00eda regenerativa.&nbsp;<\/p>\n\n\n\n<p>En su faceta de agricultor agroecol\u00f3gico y org\u00e1nico, Blas Bustamante produce caf\u00e9, guan\u00e1bana, c\u00farcuma, jengibre, pl\u00e1tano, cardamomo, guan\u00e1bana y miel de abeja en su natal San Pedro Cafetitl\u00e1n.&nbsp;<\/p>\n\n\n\n<p>Actualmente es presidente de la Sociedad Mexicana de Producci\u00f3n Org\u00e1nica y del Consejo Agroalimentario en Oaxaca, ademas de ser director ejecutivo del organismo de certificaci\u00f3n de productos org\u00e1nicos MAYAB\u00cdO.&nbsp;<\/p>\n\n\n\n<p>Como impulsor de la producci\u00f3n y el consumo de alimentos org\u00e1nicos en M\u00e9xico, podemos citar que hoy M\u00e9xico es un pa\u00eds l\u00edder en producci\u00f3n y consumo de productos org\u00e1nicos.&nbsp;<\/p>\n\n\n\n<p>M\u00e9xico pas\u00f3 de tener poco mas 13 mil productores org\u00e1nicos en 1996 a m\u00e1s de 210 mil productores en 2017, con lo que se coloc\u00f3 en tercer lugar a nivel mundial en n\u00famero de agricultores org\u00e1nicos despu\u00e9s de India y Uganda.&nbsp;<\/p>\n\n\n\n<p>De 21 mil 265 hect\u00e1reas certificadas con producci\u00f3n org\u00e1nica en 1996, M\u00e9xico pas\u00f3 a un mill\u00f3n 275 mil 400 hect\u00e1reas en 2017, lo que representa para M\u00e9xico un gran impacto ecol\u00f3gico y econ\u00f3mico positivo ya que es una superficie donde no se utilizan agroqu\u00edmicos y quienes cultivan con este sistema ecol\u00f3gico reciben mejores incentivos econ\u00f3micos por sus productos.&nbsp;<\/p>\n\n\n\n<p>Hoy en d\u00eda M\u00e9xico se encuentra en proceso de firmar acuerdos de equivalencias en materia de producci\u00f3n y comercializaci\u00f3n de alimentos org\u00e1nicos con Estados Unidos, Canad\u00e1 y la Uni\u00f3n Europea.&nbsp;<\/p>\n\n\n\n<p>Aqu\u00ed el video: https:\/\/youtu.be\/z9tREPlibG8<\/p>\n","protected":false},"excerpt":{"rendered":"<p>Redacci\u00f3n\/Zona Roja. Oaxaca de Ju\u00e1rez, Oax., a 20 de octubre de 2022.- El oaxaque\u00f1o Homero&hellip;<\/p>\n","protected":false},"author":2,"featured_media":47132,"comment_status":"closed","ping_status":"open","sticky":false,"template":"","format":"standard","meta":{"_lmt_disableupdate":"","_lmt_disable":"","_jetpack_memberships_contains_paid_content":false,"footnotes":""},"categories":[109,46],"tags":[3286],"class_list":["post-47131","post","type-post","status-publish","format-standard","has-post-thumbnail","hentry","category-minuto-a-minuto","category-zona-blanca","tag-homero-blas-bustamante"],"jetpack_featured_media_url":"https:\/\/zonaroja.com.mx\/wp-content\/uploads\/2022\/10\/Homero-Blas-reconocimiento.jpg","jetpack_sharing_enabled":true,"_links":{"self":[{"href":"https:\/\/zonaroja.com.mx\/index.php?rest_route=\/wp\/v2\/posts\/47131","targetHints":{"allow":["GET"]}}],"collection":[{"href":"https:\/\/zonaroja.com.mx\/index.php?rest_route=\/wp\/v2\/posts"}],"about":[{"href":"https:\/\/zonaroja.com.mx\/index.php?rest_route=\/wp\/v2\/types\/post"}],"author":[{"embeddable":true,"href":"https:\/\/zonaroja.com.mx\/index.php?rest_route=\/wp\/v2\/users\/2"}],"replies":[{"embeddable":true,"href":"https:\/\/zonaroja.com.mx\/index.php?rest_route=%2Fwp%2Fv2%2Fcomments&post=47131"}],"version-history":[{"count":1,"href":"https:\/\/zonaroja.com.mx\/index.php?rest_route=\/wp\/v2\/posts\/47131\/revisions"}],"predecessor-version":[{"id":47133,"href":"https:\/\/zonaroja.com.mx\/index.php?rest_route=\/wp\/v2\/posts\/47131\/revisions\/47133"}],"wp:featuredmedia":[{"embeddable":true,"href":"https:\/\/zonaroja.com.mx\/index.php?rest_route=\/wp\/v2\/media\/47132"}],"wp:attachment":[{"href":"https:\/\/zonaroja.com.mx\/index.php?rest_route=%2Fwp%2Fv2%2Fmedia&parent=47131"}],"wp:term":[{"taxonomy":"category","embeddable":true,"href":"https:\/\/zonaroja.com.mx\/index.php?rest_route=%2Fwp%2Fv2%2Fcategories&post=47131"},{"taxonomy":"post_tag","embeddable":true,"href":"https:\/\/zonaroja.com.mx\/index.php?rest_route=%2Fwp%2Fv2%2Ftags&post=47131"}],"curies":[{"name":"wp","href":"https:\/\/api.w.org\/{rel}","templated":true}]}}