{"id":47138,"date":"2022-10-20T19:47:22","date_gmt":"2022-10-21T00:47:22","guid":{"rendered":"http:\/\/www.zonaroja.com.mx\/?p=47138"},"modified":"2022-10-20T19:47:23","modified_gmt":"2022-10-21T00:47:23","slug":"se-agrava-conflicto-entre-ozumacin-y-santiago-progreso-ya-son-85-retenidos","status":"publish","type":"post","link":"https:\/\/zonaroja.com.mx\/?p=47138","title":{"rendered":"Se agrava conflicto entre Ozumac\u00edn y Santiago Progreso: ya son 85 retenidos"},"content":{"rendered":"\n<p>Yuridiana Sosa\/Zona Roja.<\/p>\n\n\n\n<p>Oaxaca de Ju\u00e1rez, Oax., a 20 de octubre de 2022.- Ante la nula soluci\u00f3n por parte de la Secretar\u00eda General de Gobierno de Oaxaca (Segego), el n\u00famero de personas retenidas en San Pedro Ozumac\u00edn, originarias de Santiago Progreso, ascendi\u00f3 a 85, y varias son de la tercera edad.<\/p>\n\n\n\n<p>De manera masiva, los habitantes de Ozumac\u00edn encerraron a 75 de sus vecinos que acudieron este 19 de octubre a una reuni\u00f3n de ejidatarios convocada d\u00edas antes; una vez en la plaza p\u00fablica, que se encuentra techada y cercada, aprovecharon para cerrar los accesos.<\/p>\n\n\n\n<p>Hasta el momento ninguna autoridad estatal ha informado el motivo de la nueva retenci\u00f3n, sin embargo, los pobladores de Santiago Progreso accedieron a la reuni\u00f3n con la intenci\u00f3n de mejorar la retenci\u00f3n entre ambas comunidades con el fin de liberar a 10 compa\u00f1eros privados de su libertad en la c\u00e1rcel local desde el pasado 2 de septiembre.<\/p>\n\n\n\n<p>El pasado 14 de octubre se firm\u00f3 una minuta, ante diversas autoridades municipales, estatales y federales, en la que los habitantes de Santiago Progreso se compromet\u00edan a asistir a la reuni\u00f3n.<\/p>\n\n\n\n<p>Sin embargo, los mismos pobladores de Valle Nacional hab\u00edan advertido a la Secretar\u00eda General de Gobierno el temor a ser retenido en el momento que asistieran a las asambleas convocadas por Ozumac\u00edn, con quien comparte ejido.<\/p>\n\n\n\n<p>Por lo que entre sus peticiones para lograr la liberaci\u00f3n de sus compa\u00f1eros, con casi 50 d\u00edas retenidos, era que la Segego convenciera a San Pedro Ozumac\u00edn de ponerlas en libertad y horas despu\u00e9s los ejidatarios asistir\u00e1n a la comunidad para abordar temas relacionados al cuidado de las \u00e1reas comunes y evitar el mal uso de ellas.<\/p>\n\n\n\n<p>Los primeros 10 pobladores privados ilegalmente de su libertad son acusados de encabezar una serie de despojos de tierras, propiedades a particulares y explotaci\u00f3n de las tierras protegidas en Santiago Progreso.&nbsp;<\/p>\n\n\n\n<p>Entre las v\u00edctimas se encuentra la familia De la Cruz M\u00e9ndez, desterrada de su comunidad de origen desde hace ocho a\u00f1os y que ahora se uni\u00f3 en la lucha con Ozumac\u00edn.<\/p>\n\n\n\n<p>Para lograr la liberaci\u00f3n de la decena de campesinos Ozumac\u00edn demandaba un mill\u00f3n de pesos para la reparaci\u00f3n de da\u00f1os; ante la petici\u00f3n, la Segego apunt\u00f3 que ser\u00eda decisi\u00f3n de la comunidad los t\u00e9rminos en los que se pueda llegar a un acuerdo.<\/p>\n\n\n\n<p>Por el m\u00e1s reciente hecho, hicieron presencia sin intervenir elementos de la Guardia Nacional y de la Polic\u00eda Estatal.<\/p>\n","protected":false},"excerpt":{"rendered":"<p>Yuridiana Sosa\/Zona Roja. Oaxaca de Ju\u00e1rez, Oax., a 20 de octubre de 2022.- Ante la&hellip;<\/p>\n","protected":false},"author":2,"featured_media":47135,"comment_status":"closed","ping_status":"open","sticky":false,"template":"","format":"standard","meta":{"_lmt_disableupdate":"","_lmt_disable":"","_jetpack_memberships_contains_paid_content":false,"footnotes":""},"categories":[109,51],"tags":[3260],"class_list":["post-47138","post","type-post","status-publish","format-standard","has-post-thumbnail","hentry","category-minuto-a-minuto","category-zona-roja","tag-santiago-progreso"],"jetpack_featured_media_url":"https:\/\/zonaroja.com.mx\/wp-content\/uploads\/2022\/10\/Retenidos-de-Santiago-Progreso-en-Ozumacin.jpg","jetpack_sharing_enabled":true,"_links":{"self":[{"href":"https:\/\/zonaroja.com.mx\/index.php?rest_route=\/wp\/v2\/posts\/47138","targetHints":{"allow":["GET"]}}],"collection":[{"href":"https:\/\/zonaroja.com.mx\/index.php?rest_route=\/wp\/v2\/posts"}],"about":[{"href":"https:\/\/zonaroja.com.mx\/index.php?rest_route=\/wp\/v2\/types\/post"}],"author":[{"embeddable":true,"href":"https:\/\/zonaroja.com.mx\/index.php?rest_route=\/wp\/v2\/users\/2"}],"replies":[{"embeddable":true,"href":"https:\/\/zonaroja.com.mx\/index.php?rest_route=%2Fwp%2Fv2%2Fcomments&post=47138"}],"version-history":[{"count":1,"href":"https:\/\/zonaroja.com.mx\/index.php?rest_route=\/wp\/v2\/posts\/47138\/revisions"}],"predecessor-version":[{"id":47139,"href":"https:\/\/zonaroja.com.mx\/index.php?rest_route=\/wp\/v2\/posts\/47138\/revisions\/47139"}],"wp:featuredmedia":[{"embeddable":true,"href":"https:\/\/zonaroja.com.mx\/index.php?rest_route=\/wp\/v2\/media\/47135"}],"wp:attachment":[{"href":"https:\/\/zonaroja.com.mx\/index.php?rest_route=%2Fwp%2Fv2%2Fmedia&parent=47138"}],"wp:term":[{"taxonomy":"category","embeddable":true,"href":"https:\/\/zonaroja.com.mx\/index.php?rest_route=%2Fwp%2Fv2%2Fcategories&post=47138"},{"taxonomy":"post_tag","embeddable":true,"href":"https:\/\/zonaroja.com.mx\/index.php?rest_route=%2Fwp%2Fv2%2Ftags&post=47138"}],"curies":[{"name":"wp","href":"https:\/\/api.w.org\/{rel}","templated":true}]}}