{"id":47146,"date":"2022-10-21T07:35:39","date_gmt":"2022-10-21T12:35:39","guid":{"rendered":"http:\/\/www.zonaroja.com.mx\/?p=47146"},"modified":"2022-10-21T07:36:05","modified_gmt":"2022-10-21T12:36:05","slug":"audita-el-poder-judicia-areas-financieras-y-administrativas-de-organos-jurisdiccionales","status":"publish","type":"post","link":"https:\/\/zonaroja.com.mx\/?p=47146","title":{"rendered":"Audita Poder Judicial \u00e1reas financieras y  administrativas de \u00f3rganos jurisdiccionales"},"content":{"rendered":"\n<p>Redacci\u00f3n\/Zona Roja.<\/p>\n\n\n\n<p>Oaxaca de Ju\u00e1rez, Oax., a 21 de octubre de 2022.- En el Poder Judicial del Estado, la Direcci\u00f3n de Contralor\u00eda Interna&nbsp;es el \u00f3rgano de control interno&nbsp;encargado de realizar las auditor\u00edas&nbsp;financieras&nbsp;y administrativas en cada una&nbsp;de las \u00e1reas, as\u00ed como&nbsp;de&nbsp;llevar a cabo, en el \u00e1mbito de su competencia, las acciones&nbsp;que establecen&nbsp;las disposiciones en materia de anticorrupci\u00f3n&nbsp;y las&nbsp;enfocadas a promover una administraci\u00f3n p\u00fablica accesible y eficiente,&nbsp;como lo ha establecido el magistrado presidente Eduardo Pinacho S\u00e1nchez.<\/p>\n\n\n\n<p>Al respecto, el&nbsp;director de esa instancia,&nbsp;licenciado&nbsp;Trinidad Coronel V\u00e1squez, se\u00f1al\u00f3 que&nbsp;de acuerdo a un plan de trabajo anual se programan las revisiones en cada uno de los \u00f3rganos jurisdiccionales y en el caso concreto de juzgados, la documentaci\u00f3n e informaci\u00f3n que se analiza corresponde a las actuaciones en fondos, valores, garant\u00edas y fianzas, entre otros.&nbsp;<\/p>\n\n\n\n<p>En esta revisi\u00f3n&nbsp;exhaustiva&nbsp;se forman pliegos de observaciones que las&nbsp;y los&nbsp;juzgadores deben solventar en un plazo de 30 d\u00edas o de lo contrario se inician los procedimientos de ley, manifest\u00f3 al se\u00f1alar que incluso en el periodo de contingencia sanitaria&nbsp;por Covid-19&nbsp;se practicaron diversas auditorias y se culminaron procedimientos de ejercicios anteriores que se encontraban pendientes.&nbsp;<\/p>\n\n\n\n<p>El licenciado Coronel V\u00e1squez mencion\u00f3 que la Direcci\u00f3n de Contralor\u00eda Interna cuenta tambi\u00e9n con un&nbsp;Departamento de&nbsp;Quejas,&nbsp;Denuncias, Situaci\u00f3n Patrimonial y Atenci\u00f3n Ciudadana, donde las personas pueden presentar alguna inconformidad de manera personal o a trav\u00e9s de la p\u00e1gina web institucional. \u201cTenemos el compromiso de hacer valer siempre los derechos de la ciudadan\u00eda\u201d, puntualiz\u00f3.&nbsp;<\/p>\n\n\n\n<p>Entre las&nbsp;inconformidades&nbsp;m\u00e1s comunes mencion\u00f3 la omisi\u00f3n de servidores p\u00fablicos en cuanto a la integraci\u00f3n de los expedientes judiciales.&nbsp;<\/p>\n\n\n\n<p>El&nbsp;Director de Contralor\u00eda Interna&nbsp;fue entrevistado&nbsp;en el programa Son mis derechos\u201d, que se transmite los d\u00edas jueves, de manera quincenal, de 19:00 a 20:00 horas por el canal 9.1 de&nbsp;la Corporaci\u00f3n Oaxaque\u00f1a de Radio y Televisi\u00f3n, con repeticiones el martes a las 17:00 horas y s\u00e1bado a las 12:00 horas; adem\u00e1s se puede seguir por las redes sociales de la CORTV y el Tribunal Superior de Justicia en Facebook &nbsp;https:\/\/www.facebook.com\/TSJOAX o Twitter @tsjoaxaca.<\/p>\n","protected":false},"excerpt":{"rendered":"<p>Redacci\u00f3n\/Zona Roja. Oaxaca de Ju\u00e1rez, Oax., a 21 de octubre de 2022.- En el Poder&hellip;<\/p>\n","protected":false},"author":2,"featured_media":47147,"comment_status":"closed","ping_status":"open","sticky":false,"template":"","format":"standard","meta":{"_lmt_disableupdate":"","_lmt_disable":"","_jetpack_memberships_contains_paid_content":false,"footnotes":""},"categories":[109,46],"tags":[223],"class_list":["post-47146","post","type-post","status-publish","format-standard","has-post-thumbnail","hentry","category-minuto-a-minuto","category-zona-blanca","tag-poder-judicial-de-oaxaca"],"jetpack_featured_media_url":"https:\/\/zonaroja.com.mx\/wp-content\/uploads\/2022\/10\/Auditorias-Poder-Judicial-Oaxaca.jpeg","jetpack_sharing_enabled":true,"_links":{"self":[{"href":"https:\/\/zonaroja.com.mx\/index.php?rest_route=\/wp\/v2\/posts\/47146","targetHints":{"allow":["GET"]}}],"collection":[{"href":"https:\/\/zonaroja.com.mx\/index.php?rest_route=\/wp\/v2\/posts"}],"about":[{"href":"https:\/\/zonaroja.com.mx\/index.php?rest_route=\/wp\/v2\/types\/post"}],"author":[{"embeddable":true,"href":"https:\/\/zonaroja.com.mx\/index.php?rest_route=\/wp\/v2\/users\/2"}],"replies":[{"embeddable":true,"href":"https:\/\/zonaroja.com.mx\/index.php?rest_route=%2Fwp%2Fv2%2Fcomments&post=47146"}],"version-history":[{"count":2,"href":"https:\/\/zonaroja.com.mx\/index.php?rest_route=\/wp\/v2\/posts\/47146\/revisions"}],"predecessor-version":[{"id":47149,"href":"https:\/\/zonaroja.com.mx\/index.php?rest_route=\/wp\/v2\/posts\/47146\/revisions\/47149"}],"wp:featuredmedia":[{"embeddable":true,"href":"https:\/\/zonaroja.com.mx\/index.php?rest_route=\/wp\/v2\/media\/47147"}],"wp:attachment":[{"href":"https:\/\/zonaroja.com.mx\/index.php?rest_route=%2Fwp%2Fv2%2Fmedia&parent=47146"}],"wp:term":[{"taxonomy":"category","embeddable":true,"href":"https:\/\/zonaroja.com.mx\/index.php?rest_route=%2Fwp%2Fv2%2Fcategories&post=47146"},{"taxonomy":"post_tag","embeddable":true,"href":"https:\/\/zonaroja.com.mx\/index.php?rest_route=%2Fwp%2Fv2%2Ftags&post=47146"}],"curies":[{"name":"wp","href":"https:\/\/api.w.org\/{rel}","templated":true}]}}