{"id":4715,"date":"2019-10-10T21:06:24","date_gmt":"2019-10-11T02:06:24","guid":{"rendered":"http:\/\/www.zonaroja.com.mx\/?p=4715"},"modified":"2019-10-10T21:06:27","modified_gmt":"2019-10-11T02:06:27","slug":"danos-menores-causan-lluvias-en-valles-centrales-de-oaxaca","status":"publish","type":"post","link":"https:\/\/zonaroja.com.mx\/?p=4715","title":{"rendered":"Da\u00f1os menores causan lluvias en Valles Centrales de Oaxaca"},"content":{"rendered":"\n<p>Redacci\u00f3n\/Zona\nRoja<\/p>\n\n\n\n<p>Oaxaca\nde Ju\u00e1rez, Oax., 10 de octubre de 2019.- Encharcamientos, da\u00f1os menores a\nveh\u00edculos de motor, ca\u00edda de \u00e1rboles y de parte del techo del \u00e1rea de bodegas del\nMarcado de Abasto de la capital, es el saldo preliminar de las intensas lluvias\nregistradas la tarde de este jueves en la regi\u00f3n Valles Centrales.<\/p>\n\n\n\n<p>La\nCoordinaci\u00f3n Estatal de Protecci\u00f3n Civil de Oaxaca (CEPCO) report\u00f3 que en la\ncalle Chihuahua de la colonia L\u00f3pez Portillo del municipio de Santa Luc\u00eda del\nCamino, un muro de contenci\u00f3n del r\u00edo San Luis colaps\u00f3, lo que provoc\u00f3 que una\nvivienda se inundara.<\/p>\n\n\n\n<p>En tanto, un rayo cay\u00f3 sobre una palmera en la colonia 3 de Octubre de San Antonio Arrazola, al sitio acudi\u00f3 protecci\u00f3n civil y bomberos de Santa Cruz Xoxocotl\u00e1n. <\/p>\n\n\n\n<figure class=\"wp-block-image\"><img decoding=\"async\" width=\"1024\" height=\"766\" src=\"http:\/\/www.zonaroja.com.mx\/wp-content\/uploads\/2019\/10\/2-atencion-lluvias-oaxaca-1024x766.jpg\" alt=\"\" class=\"wp-image-4716\" srcset=\"https:\/\/zonaroja.com.mx\/wp-content\/uploads\/2019\/10\/2-atencion-lluvias-oaxaca-1024x766.jpg 1024w, https:\/\/zonaroja.com.mx\/wp-content\/uploads\/2019\/10\/2-atencion-lluvias-oaxaca-300x224.jpg 300w, https:\/\/zonaroja.com.mx\/wp-content\/uploads\/2019\/10\/2-atencion-lluvias-oaxaca-768x574.jpg 768w, https:\/\/zonaroja.com.mx\/wp-content\/uploads\/2019\/10\/2-atencion-lluvias-oaxaca-1170x875.jpg 1170w, https:\/\/zonaroja.com.mx\/wp-content\/uploads\/2019\/10\/2-atencion-lluvias-oaxaca-1920x1436.jpg 1920w, https:\/\/zonaroja.com.mx\/wp-content\/uploads\/2019\/10\/2-atencion-lluvias-oaxaca-585x438.jpg 585w, https:\/\/zonaroja.com.mx\/wp-content\/uploads\/2019\/10\/2-atencion-lluvias-oaxaca.jpg 1968w\" sizes=\"(max-width: 1024px) 100vw, 1024px\" \/><\/figure>\n\n\n\n<p>En\nSan Pedro Ixtlahuaca se desplom\u00f3 un \u00e1rbol al interior de una vivienda, al lugar\narrib\u00f3 Protecci\u00f3n Civil Municipal para verificar y apoyar a los afectados.<\/p>\n\n\n\n<p>Mientras\nque se presentaron encharcamientos moment\u00e1neos por arriba de la banqueta en\nzonas de San Mart\u00edn Mexic\u00e1pam, Central de Abasto y Santa Mar\u00eda Ixcotel.<\/p>\n\n\n\n<p>Por su parte, el ayuntamiento de Oaxaca de Ju\u00e1rez atendi\u00f3 el reporte de la ca\u00edda de una parte de las techumbres de las naves 4 y 5 de la zona de bodegas del Mercado de Abasto, a consecuencia de las fuertes lluvias que se presentaron la tarde de este jueves en la ciudad.<\/p>\n\n\n\n<figure class=\"wp-block-image\"><img decoding=\"async\" width=\"551\" height=\"555\" src=\"http:\/\/www.zonaroja.com.mx\/wp-content\/uploads\/2019\/10\/d39ff914-cecd-42f5-8805-e662d784e395.jpg\" alt=\"\" class=\"wp-image-4717\" srcset=\"https:\/\/zonaroja.com.mx\/wp-content\/uploads\/2019\/10\/d39ff914-cecd-42f5-8805-e662d784e395.jpg 551w, https:\/\/zonaroja.com.mx\/wp-content\/uploads\/2019\/10\/d39ff914-cecd-42f5-8805-e662d784e395-150x150.jpg 150w, https:\/\/zonaroja.com.mx\/wp-content\/uploads\/2019\/10\/d39ff914-cecd-42f5-8805-e662d784e395-298x300.jpg 298w\" sizes=\"(max-width: 551px) 100vw, 551px\" \/><\/figure>\n\n\n\n<p>En\notros puntos de la ciudad, personal de la Subdirecci\u00f3n de Protecci\u00f3n Civil atendi\u00f3\nreportes de afectaciones, como en las calles Cuauht\u00e9moc del Barrio Trinidad de\nlas Huertas y Yagul del fraccionamiento San Jos\u00e9 la Noria, donde existe ramaje\nque presenta fractura; ambas zonas fueron acordonadas para evitar incidentes. <\/p>\n\n\n\n<p>Asimismo,\nse realiz\u00f3 un recorrido en las calles Art\u00edculo 123 y Reforma Agraria de la agencia\nde 5 Se\u00f1ores, para verificar afectaciones debido al acumulamiento de agua que\nse gener\u00f3 por basura depositada en la v\u00eda p\u00fablica. Adem\u00e1s, se verific\u00f3 una\nvivienda en mal estado, en la segunda privada de Sonora, en la colonia Linda\nVista.<\/p>\n","protected":false},"excerpt":{"rendered":"<p>Redacci\u00f3n\/Zona Roja Oaxaca de Ju\u00e1rez, Oax., 10 de octubre de 2019.- Encharcamientos, da\u00f1os menores a&hellip;<\/p>\n","protected":false},"author":2,"featured_media":4718,"comment_status":"closed","ping_status":"open","sticky":false,"template":"","format":"standard","meta":{"_lmt_disableupdate":"","_lmt_disable":"","_jetpack_memberships_contains_paid_content":false,"footnotes":""},"categories":[109,47],"tags":[848],"class_list":["post-4715","post","type-post","status-publish","format-standard","has-post-thumbnail","hentry","category-minuto-a-minuto","category-zona-gris","tag-danos-lluvias-oaxaca"],"jetpack_featured_media_url":"https:\/\/zonaroja.com.mx\/wp-content\/uploads\/2019\/10\/7a32e8e6-8472-4f30-9bc5-eed5de488a2b.jpg","jetpack_sharing_enabled":true,"_links":{"self":[{"href":"https:\/\/zonaroja.com.mx\/index.php?rest_route=\/wp\/v2\/posts\/4715","targetHints":{"allow":["GET"]}}],"collection":[{"href":"https:\/\/zonaroja.com.mx\/index.php?rest_route=\/wp\/v2\/posts"}],"about":[{"href":"https:\/\/zonaroja.com.mx\/index.php?rest_route=\/wp\/v2\/types\/post"}],"author":[{"embeddable":true,"href":"https:\/\/zonaroja.com.mx\/index.php?rest_route=\/wp\/v2\/users\/2"}],"replies":[{"embeddable":true,"href":"https:\/\/zonaroja.com.mx\/index.php?rest_route=%2Fwp%2Fv2%2Fcomments&post=4715"}],"version-history":[{"count":1,"href":"https:\/\/zonaroja.com.mx\/index.php?rest_route=\/wp\/v2\/posts\/4715\/revisions"}],"predecessor-version":[{"id":4719,"href":"https:\/\/zonaroja.com.mx\/index.php?rest_route=\/wp\/v2\/posts\/4715\/revisions\/4719"}],"wp:featuredmedia":[{"embeddable":true,"href":"https:\/\/zonaroja.com.mx\/index.php?rest_route=\/wp\/v2\/media\/4718"}],"wp:attachment":[{"href":"https:\/\/zonaroja.com.mx\/index.php?rest_route=%2Fwp%2Fv2%2Fmedia&parent=4715"}],"wp:term":[{"taxonomy":"category","embeddable":true,"href":"https:\/\/zonaroja.com.mx\/index.php?rest_route=%2Fwp%2Fv2%2Fcategories&post=4715"},{"taxonomy":"post_tag","embeddable":true,"href":"https:\/\/zonaroja.com.mx\/index.php?rest_route=%2Fwp%2Fv2%2Ftags&post=4715"}],"curies":[{"name":"wp","href":"https:\/\/api.w.org\/{rel}","templated":true}]}}