{"id":47155,"date":"2022-10-21T08:06:54","date_gmt":"2022-10-21T13:06:54","guid":{"rendered":"http:\/\/www.zonaroja.com.mx\/?p=47155"},"modified":"2022-10-21T08:41:40","modified_gmt":"2022-10-21T13:41:40","slug":"luego-de-casi-dos-meses-liberan-a-retenidos-de-santiago-progreso","status":"publish","type":"post","link":"https:\/\/zonaroja.com.mx\/?p=47155","title":{"rendered":"Luego de casi dos meses, liberan a retenidos de Santiago Progreso"},"content":{"rendered":"\n<p>Ismael Garc\u00eda M.\/Zona Roja.<\/p>\n\n\n\n<p>Oaxaca de Ju\u00e1rez, Oax., a 21 de octubre de 2022.- A punto de cumplir dos meses de retenci\u00f3n, anoche fueron liberados en San Pedro Ozumac\u00edn, las diez personas de Santiago Progreso retenidas desde el 2 de septiembre.<\/p>\n\n\n\n<p>Tambi\u00e9n, luego de dos d\u00edas, fueron puestas en libertad 75 personas de Santiago Progreso, localidad del municipio de Valle Nacional, que hab\u00edan acudido a la asamblea en que se definir\u00eda el proceso \u00faltimo de negociaci\u00f3n, y que culmin\u00f3 con el compromiso de pago de medio mill\u00f3n de pesos, inicialmente.<\/p>\n\n\n\n<p>Pero la reuni\u00f3n en la explanada municipal culmin\u00f3 ayer en gritos y zafarrancho, por lo que lo que se quedaron dos personas de Santiago Progreso en calidad de retenidas en tanto se cumpla el primer pago comprometido.<\/p>\n\n\n\n<p>El representante de la Secretar\u00eda de Gobernaci\u00f3n (Segob) en Oaxaca, Jos\u00e9 Carlos Fuentes Ordaz, confirm\u00f3 la liberaci\u00f3n de las personas, en conjunto con la Secretar\u00eda General de Gobierno (Segego) y la Defensor\u00eda de los Derechos Humanos del Pueblo de Oaxaca.<\/p>\n\n\n\n<p>Aunque la Segego no ha proporcionado informaci\u00f3n al respecto y tampoco el origen del recurso financiero que se pagar\u00eda a San Pedro Ozumac\u00edn, que desde un principio plante\u00f3 que deber\u00eda ser una indemnizaci\u00f3n de un mill\u00f3n de pesos.<\/p>\n\n\n\n<p>Anoche mismo, los habitantes de Santiago Progreso comenzaron a retornar a sus hogares, con el compromiso tambi\u00e9n de contar con la seguridad p\u00fablica correspondiente, a fin de evitar m\u00e1s agresiones de sus vecinos, con quienes comparten la zona ejidal.<\/p>\n\n\n\n<figure class=\"wp-block-embed is-type-rich is-provider-twitter wp-block-embed-twitter\"><div class=\"wp-block-embed__wrapper\">\n<div class=\"twitter-tweet\"><blockquote class=\"twitter-tweet\" data-lang=\"es\"><p lang=\"es\" dir=\"ltr\">Anoche y luego de casi dos meses de retenci\u00f3n, fueron liberadas las 10 personas retenidas en San Pedro Ozumac\u00edn; tambi\u00e9n, luego de acalorada asamblea, fueron puestas en libertad las otras 75 personas de Santiago Progreso.<br>El compromiso es un pago inicial de 500 pesos. <a href=\"https:\/\/t.co\/5kUf9L70fy\">pic.twitter.com\/5kUf9L70fy<\/a><\/p>&mdash; Zona Roja Oaxaca (@ZonaRoja_Oaxaca) <a href=\"https:\/\/twitter.com\/ZonaRoja_Oaxaca\/status\/1583441130124779520?ref_src=twsrc%5Etfw\">21 de octubre de 2022<\/a><\/blockquote><\/div>\n<\/div><\/figure>\n","protected":false},"excerpt":{"rendered":"<p>Ismael Garc\u00eda M.\/Zona Roja. Oaxaca de Ju\u00e1rez, Oax., a 21 de octubre de 2022.- A&hellip;<\/p>\n","protected":false},"author":2,"featured_media":47156,"comment_status":"closed","ping_status":"open","sticky":false,"template":"","format":"standard","meta":{"_lmt_disableupdate":"","_lmt_disable":"","_jetpack_memberships_contains_paid_content":false,"footnotes":""},"categories":[109,47],"tags":[3260],"class_list":["post-47155","post","type-post","status-publish","format-standard","has-post-thumbnail","hentry","category-minuto-a-minuto","category-zona-gris","tag-santiago-progreso"],"jetpack_featured_media_url":"https:\/\/zonaroja.com.mx\/wp-content\/uploads\/2022\/10\/Santiago-Progreso-en-Ozumacin.jpg","jetpack_sharing_enabled":true,"_links":{"self":[{"href":"https:\/\/zonaroja.com.mx\/index.php?rest_route=\/wp\/v2\/posts\/47155","targetHints":{"allow":["GET"]}}],"collection":[{"href":"https:\/\/zonaroja.com.mx\/index.php?rest_route=\/wp\/v2\/posts"}],"about":[{"href":"https:\/\/zonaroja.com.mx\/index.php?rest_route=\/wp\/v2\/types\/post"}],"author":[{"embeddable":true,"href":"https:\/\/zonaroja.com.mx\/index.php?rest_route=\/wp\/v2\/users\/2"}],"replies":[{"embeddable":true,"href":"https:\/\/zonaroja.com.mx\/index.php?rest_route=%2Fwp%2Fv2%2Fcomments&post=47155"}],"version-history":[{"count":2,"href":"https:\/\/zonaroja.com.mx\/index.php?rest_route=\/wp\/v2\/posts\/47155\/revisions"}],"predecessor-version":[{"id":47160,"href":"https:\/\/zonaroja.com.mx\/index.php?rest_route=\/wp\/v2\/posts\/47155\/revisions\/47160"}],"wp:featuredmedia":[{"embeddable":true,"href":"https:\/\/zonaroja.com.mx\/index.php?rest_route=\/wp\/v2\/media\/47156"}],"wp:attachment":[{"href":"https:\/\/zonaroja.com.mx\/index.php?rest_route=%2Fwp%2Fv2%2Fmedia&parent=47155"}],"wp:term":[{"taxonomy":"category","embeddable":true,"href":"https:\/\/zonaroja.com.mx\/index.php?rest_route=%2Fwp%2Fv2%2Fcategories&post=47155"},{"taxonomy":"post_tag","embeddable":true,"href":"https:\/\/zonaroja.com.mx\/index.php?rest_route=%2Fwp%2Fv2%2Ftags&post=47155"}],"curies":[{"name":"wp","href":"https:\/\/api.w.org\/{rel}","templated":true}]}}