{"id":47166,"date":"2022-10-21T13:52:07","date_gmt":"2022-10-21T18:52:07","guid":{"rendered":"https:\/\/www.zonaroja.com.mx\/?p=47166"},"modified":"2022-10-21T13:52:09","modified_gmt":"2022-10-21T18:52:09","slug":"intensifica-protesta-sindicato-en-tuxtepec-van-tres-dias-sin-recoleccion-de-basura","status":"publish","type":"post","link":"https:\/\/zonaroja.com.mx\/?p=47166","title":{"rendered":"Intensifica protesta sindicato en Tuxtepec; van tres d\u00edas sin recolecci\u00f3n de basura"},"content":{"rendered":"\n<p>Yuridiana Sosa\/ Zona Roja<\/p>\n\n\n\n<p>Oaxaca de Ju\u00e1rez, Oax., 21 de octubre de 2022.- Con camiones recolectores de basura estacionados frente a palacio municipal y la presencia de los trabajadores entre los pasillos del inmueble, el Sindicato \u201c12 de Julio\u201d del ayuntamiento de Tuxtepec intensific\u00f3 su protesta&nbsp;este viernes&nbsp;y mantienen, por tercer d\u00eda, la suspensi\u00f3n del servicio de recolecci\u00f3n de basura.&nbsp;<\/p>\n\n\n\n<p>Los sindicalizados que manten\u00edan \u201cparo de brazos ca\u00eddos\u201d radicalizaron su movilizaci\u00f3n ante la decisi\u00f3n del presidente municipal, Irineo Molina Espinoza, de llevar a cabo la recolecci\u00f3n de basura con el personal de confianza la noche de&nbsp;este jueves&nbsp;luego de dos d\u00edas sin este servicio.<\/p>\n\n\n\n<p>\u201cNo se vale, se confundieron y pensaron que nos iban a pisotear, lo que derram\u00f3 el vaso fue lo que hicieron ayer, la falta de respeto de querer hacer algo que no debieron haber hecho\u201d, se\u00f1al\u00f3 el secretario general del Sindicato, Gregorio Casta\u00f1eda durante en un mitin en el parque \u201cJu\u00e1rez\u201d frente al palacio municipal.<\/p>\n\n\n\n<p>El l\u00edder sindical apunt\u00f3 que durante la mesa de trabajo con el edil la tarde de ayer se percat\u00f3 de la intensi\u00f3n del personal de confianza de realizar el levantamiento de residuos, a lo que \u00e9l intervino y pidi\u00f3 que no, pues el \u00e1rea de recolecci\u00f3n de basura lo har\u00eda una vez firmado el acuerdo; desde su punto de visita era cuesti\u00f3n de algunas horas m\u00e1s.<\/p>\n\n\n\n<p>La versi\u00f3n del dirigente es que hab\u00edan acuerdo que se firmar\u00edan a m\u00e1s tardar la ma\u00f1ana de&nbsp;este viernes, entre estos que de no lograrse la remoci\u00f3n de personal de la direcci\u00f3n de servicios b\u00e1sico y recursos humanos, que al menos el personal sindicalizado del \u00e1rea de limpia p\u00fablica, no tendr\u00eda trato \u00e9stos y se designar\u00eda a otro funcionario; esto por supuestamente hostigarlos con la vigilancia de sus actividades.<\/p>\n\n\n\n<p>Por el contrario, el edil indic\u00f3 en un mensaje en su cuenta de Facebook que no estaba de acuerdo con la petici\u00f3n de la remoci\u00f3n de servidores que forman parte de su equipo de trabajo, pues han cumplido con su labor, pero manten\u00eda la mesa de trabajo abierta.&nbsp;<\/p>\n\n\n\n<p>Cerca&nbsp;de las 23:00&nbsp;horas de ayer, Molina Espinoza y un grupo de trabajadores de confianza, entre regidores, directivos y coordinadores de \u00e1reas levantaron la basura en remolques y camionetas sobre algunas calles del centro de la ciudad.<\/p>\n\n\n\n<p>MARCHA CODECI<\/p>\n\n\n\n<p>La organizaci\u00f3n Comit\u00e9 de Defensa Ciudadana (Codeci) se moviliz\u00f3&nbsp;este viernes&nbsp;en Tuxtepec para exigir justicia por el asesinato de su l\u00edder Catarino Torres hace 12 a\u00f1os.&nbsp;<\/p>\n\n\n\n<p>Durante dos horas, aproximadamente, bloquearon el crucero de la carretera Tuxtepec-Jalapa de D\u00edaz; posteriormente se reagruparon en el monumento a \u201cFlor de Pi\u00f1a\u201d en el bulevar Benito Ju\u00e1rez para salir en marcha al parque municipal \u201cBenito Ju\u00e1rez\u201d. <\/p>\n","protected":false},"excerpt":{"rendered":"<p>Yuridiana Sosa\/ Zona Roja Oaxaca de Ju\u00e1rez, Oax., 21 de octubre de 2022.- Con camiones&hellip;<\/p>\n","protected":false},"author":2,"featured_media":47165,"comment_status":"closed","ping_status":"open","sticky":false,"template":"","format":"standard","meta":{"_lmt_disableupdate":"","_lmt_disable":"","_jetpack_memberships_contains_paid_content":false,"footnotes":""},"categories":[109,47],"tags":[],"class_list":["post-47166","post","type-post","status-publish","format-standard","has-post-thumbnail","hentry","category-minuto-a-minuto","category-zona-gris"],"jetpack_featured_media_url":"https:\/\/zonaroja.com.mx\/wp-content\/uploads\/2022\/10\/a2e26397-53d0-46fe-ae7c-f4f9dab4d9b1.jpg","jetpack_sharing_enabled":true,"_links":{"self":[{"href":"https:\/\/zonaroja.com.mx\/index.php?rest_route=\/wp\/v2\/posts\/47166","targetHints":{"allow":["GET"]}}],"collection":[{"href":"https:\/\/zonaroja.com.mx\/index.php?rest_route=\/wp\/v2\/posts"}],"about":[{"href":"https:\/\/zonaroja.com.mx\/index.php?rest_route=\/wp\/v2\/types\/post"}],"author":[{"embeddable":true,"href":"https:\/\/zonaroja.com.mx\/index.php?rest_route=\/wp\/v2\/users\/2"}],"replies":[{"embeddable":true,"href":"https:\/\/zonaroja.com.mx\/index.php?rest_route=%2Fwp%2Fv2%2Fcomments&post=47166"}],"version-history":[{"count":1,"href":"https:\/\/zonaroja.com.mx\/index.php?rest_route=\/wp\/v2\/posts\/47166\/revisions"}],"predecessor-version":[{"id":47167,"href":"https:\/\/zonaroja.com.mx\/index.php?rest_route=\/wp\/v2\/posts\/47166\/revisions\/47167"}],"wp:featuredmedia":[{"embeddable":true,"href":"https:\/\/zonaroja.com.mx\/index.php?rest_route=\/wp\/v2\/media\/47165"}],"wp:attachment":[{"href":"https:\/\/zonaroja.com.mx\/index.php?rest_route=%2Fwp%2Fv2%2Fmedia&parent=47166"}],"wp:term":[{"taxonomy":"category","embeddable":true,"href":"https:\/\/zonaroja.com.mx\/index.php?rest_route=%2Fwp%2Fv2%2Fcategories&post=47166"},{"taxonomy":"post_tag","embeddable":true,"href":"https:\/\/zonaroja.com.mx\/index.php?rest_route=%2Fwp%2Fv2%2Ftags&post=47166"}],"curies":[{"name":"wp","href":"https:\/\/api.w.org\/{rel}","templated":true}]}}