{"id":47168,"date":"2022-10-21T19:01:29","date_gmt":"2022-10-22T00:01:29","guid":{"rendered":"http:\/\/www.zonaroja.com.mx\/?p=47168"},"modified":"2022-10-21T19:01:31","modified_gmt":"2022-10-22T00:01:31","slug":"tribunal-determina-ingresar-a-edil-de-oaxaca-por-9-anos-a-registro-de-violentadores","status":"publish","type":"post","link":"https:\/\/zonaroja.com.mx\/?p=47168","title":{"rendered":"Tribunal determina ingresar a edil de Oaxaca por 9 a\u00f1os a registro de violentadores"},"content":{"rendered":"\n<p>Redacci\u00f3n\/Zona Roja.<\/p>\n\n\n\n<p>Oaxaca de Ju\u00e1rez, Oax., a 21 de octubre de 2022.- El pleno del Tribunal Electoral del Estado de Oaxaca (TEEO) acredit\u00f3 la violencia pol\u00edtica en raz\u00f3n de g\u00e9nero cometida por el presidente municipal de La Reforma, Jes\u00fas Molina Mendoza, as\u00ed como del s\u00edndico L\u00e1zaro Pachuca L\u00f3pez y el tesorero municipal, Eduardo Molina, en contra de una regidora de ese ayuntamiento, F\u00e1tima Sheila Sumano.<\/p>\n\n\n\n<p>En un comunicado de prensa, detall\u00f3 que en consecuencia, orden\u00f3 la incorporaci\u00f3n de estas autoridades en el registro de personas que cometieron violencia pol\u00edtica por raz\u00f3n de g\u00e9nero, por la temporalidad de nueve a\u00f1os, dos meses.<\/p>\n\n\n\n<p>En la resoluci\u00f3n del Juicio para la Protecci\u00f3n de los Derechos Pol\u00edtico Electorales de la Ciudadan\u00eda en el R\u00e9gimen de Sistemas Normativos Internos, identificado con la clave JDCI\/63\/2022, el \u00f3rgano expuso que los responsables no justificaron la negativa de convocarla a las sesiones de Cabildo, as\u00ed como, a las sesiones de Comisi\u00f3n.<\/p>\n\n\n\n<p>Adem\u00e1s, advirti\u00f3 la violaci\u00f3n al derecho pol\u00edtico electoral de la actora, debido a la negativa de otorgarle una oficina y material administrativo para el desarrollo de sus funciones.&nbsp;<\/p>\n\n\n\n<p>Indic\u00f3 que el TEEO no recibi\u00f3 pruebas que acrediten que el presidente municipal de La Reforma, haya proporcionado los insumos que reclama la regidora de Hacienda, F\u00e1tima Sheila para el desempe\u00f1o de sus actividades.<\/p>\n\n\n\n<p>Respecto a la omisi\u00f3n de pagarle las dietas, esta sentencia la declar\u00f3 parcialmente fundado, ya que la responsable no comprob\u00f3 haber pagado los ejercicios fiscales 2020, 2021 y de los meses agosto, septiembre y la primera quincena de octubre de 2022.<\/p>\n\n\n\n<p>Por otro lado, el Pleno reencauz\u00f3 a la Comisi\u00f3n de Quejas y Denuncias o de lo Contencioso Electoral del Instituto Estatal Electoral y de Participaci\u00f3n Ciudadana de Oaxaca (IEEPCO), respecto a diversos se\u00f1alamientos realizados por la actora que, dice, le afectan en su esfera jur\u00eddica para que, a trav\u00e9s del procedimiento especial sancionador, se allegue de m\u00e1s informaci\u00f3n.<\/p>\n\n\n\n<p>Por estos hechos, este Tribunal vincul\u00f3 a la Secretar\u00eda de las Mujeres de Oaxaca, para que en t\u00e9rminos de sus atribuciones y en colaboraci\u00f3n con esta autoridad, otorgue a la actora la ayuda psicol\u00f3gica correspondiente; igualmente, a la Secretar\u00eda General de Gobierno del Estado de Oaxaca, para que, ante la falta de una Comisi\u00f3n Ejecutiva Estatal de Atenci\u00f3n Integral a V\u00edctimas, ingrese a la actora en el Registro Estatal de V\u00edctimas del Estado de Oaxaca.&nbsp;<\/p>\n","protected":false},"excerpt":{"rendered":"<p>Redacci\u00f3n\/Zona Roja. Oaxaca de Ju\u00e1rez, Oax., a 21 de octubre de 2022.- El pleno del&hellip;<\/p>\n","protected":false},"author":2,"featured_media":40601,"comment_status":"closed","ping_status":"open","sticky":false,"template":"","format":"standard","meta":{"_lmt_disableupdate":"","_lmt_disable":"","_jetpack_memberships_contains_paid_content":false,"footnotes":""},"categories":[109,47],"tags":[3287],"class_list":["post-47168","post","type-post","status-publish","format-standard","has-post-thumbnail","hentry","category-minuto-a-minuto","category-zona-gris","tag-la-reforma"],"jetpack_featured_media_url":"https:\/\/zonaroja.com.mx\/wp-content\/uploads\/2022\/04\/Municipio-La-reforma.jpg","jetpack_sharing_enabled":true,"_links":{"self":[{"href":"https:\/\/zonaroja.com.mx\/index.php?rest_route=\/wp\/v2\/posts\/47168","targetHints":{"allow":["GET"]}}],"collection":[{"href":"https:\/\/zonaroja.com.mx\/index.php?rest_route=\/wp\/v2\/posts"}],"about":[{"href":"https:\/\/zonaroja.com.mx\/index.php?rest_route=\/wp\/v2\/types\/post"}],"author":[{"embeddable":true,"href":"https:\/\/zonaroja.com.mx\/index.php?rest_route=\/wp\/v2\/users\/2"}],"replies":[{"embeddable":true,"href":"https:\/\/zonaroja.com.mx\/index.php?rest_route=%2Fwp%2Fv2%2Fcomments&post=47168"}],"version-history":[{"count":1,"href":"https:\/\/zonaroja.com.mx\/index.php?rest_route=\/wp\/v2\/posts\/47168\/revisions"}],"predecessor-version":[{"id":47169,"href":"https:\/\/zonaroja.com.mx\/index.php?rest_route=\/wp\/v2\/posts\/47168\/revisions\/47169"}],"wp:featuredmedia":[{"embeddable":true,"href":"https:\/\/zonaroja.com.mx\/index.php?rest_route=\/wp\/v2\/media\/40601"}],"wp:attachment":[{"href":"https:\/\/zonaroja.com.mx\/index.php?rest_route=%2Fwp%2Fv2%2Fmedia&parent=47168"}],"wp:term":[{"taxonomy":"category","embeddable":true,"href":"https:\/\/zonaroja.com.mx\/index.php?rest_route=%2Fwp%2Fv2%2Fcategories&post=47168"},{"taxonomy":"post_tag","embeddable":true,"href":"https:\/\/zonaroja.com.mx\/index.php?rest_route=%2Fwp%2Fv2%2Ftags&post=47168"}],"curies":[{"name":"wp","href":"https:\/\/api.w.org\/{rel}","templated":true}]}}