{"id":47172,"date":"2022-10-21T21:22:45","date_gmt":"2022-10-22T02:22:45","guid":{"rendered":"http:\/\/www.zonaroja.com.mx\/?p=47172"},"modified":"2022-10-21T21:22:47","modified_gmt":"2022-10-22T02:22:47","slug":"la-ddhpo-tiene-iniciados-353-expedientes-por-irregularidades-en-reclusorios","status":"publish","type":"post","link":"https:\/\/zonaroja.com.mx\/?p=47172","title":{"rendered":"La DDHPO tiene iniciados 353 expedientes por irregularidades en reclusorios"},"content":{"rendered":"\n<p>Redacci\u00f3n\/Zona Roja.<\/p>\n\n\n\n<p>Oaxaca de Ju\u00e1rez, Oax., a 21 de octubre de 2022.- La Defensor\u00eda de los Derechos Humanos del Pueblo de Oaxaca (DDHPO) ha iniciado entre 2020 y hasta el 29 de agosto de 2022, 353 expedientes por posibles violaciones a los derechos humanos en centros de reinserci\u00f3n social, por lo que resulta fundamental redoblar la observaci\u00f3n en estos espacios.<\/p>\n\n\n\n<p>En un comunicado, el organismo destac\u00f3 que, entre las quejas m\u00e1s comunes recibidas en la instituci\u00f3n, se encuentran las relacionadas con la integridad personal, el derecho a la salud, legalidad, al debido proceso y al trabajo.<\/p>\n\n\n\n<p>Por ello, dijo que reforz\u00f3 la vigilancia que efect\u00faa en los centros de reinserci\u00f3n social del estado, por lo que, un equipo multidisciplinario encabezado por el ombdusperson Bernardo Rodr\u00edguez Alamilla junto con integrantes de ASILEGAL, llevaron a cabo visitas a los Ceresos Varonil y Femenil de Tanivet, Etla y la Direcci\u00f3n de Ejecuci\u00f3n de Medidas para Adolescentes, en una primera etapa.<\/p>\n\n\n\n<p>Lo anterior, para verificar las condiciones en las que se encuentran estos espacios, y, en forma conjunta con Asistencia Legal por los Derechos Humanos (ASILEGAL), efectuar un diagn\u00f3stico que permitir\u00e1 conocer el contexto de las personas privadas de su libertad en la entidad.<\/p>\n\n\n\n<p>El titular de la DDHPO, explic\u00f3 que, a trav\u00e9s de establecer puentes de comunicaci\u00f3n directa con la poblaci\u00f3n privada de la libertad, se inhiben posibles actos de violaciones a derechos humanos y se pugna por la dignidad.<\/p>\n\n\n\n<p>Asimismo, indic\u00f3 que trabajar en forma conjunta con organizaciones de la sociedad civil como Asistencia Legal por los Derechos Humanos, fortalece el trabajo institucional de la DDHPO, en beneficio de la sociedad.<\/p>\n\n\n\n<p>El defensor de los Derechos Humanos del Pueblo de Oaxaca apunt\u00f3 que el trabajo coordinado con ASILEGAL, forma parte de los acuerdos establecidos a trav\u00e9s de una firma de convenio que tiene por objetivo promover mecanismo de protecci\u00f3n de los derechos humanos de las personas privadas de la libertad.<\/p>\n\n\n\n<p>Ante ello, dijo, es preciso conocer las condiciones y contextos de las personas privadas de su libertad, de ah\u00ed que, la informaci\u00f3n que genere el diagn\u00f3stico puede coadyuvar a construir pol\u00edticas p\u00fablicas que permitan generar procesos de reinserci\u00f3n integrales y con una perspectiva de derechos humanos e interseccional.<\/p>\n\n\n\n<p>El ombudsperson insisti\u00f3 en que se necesitan procesos s\u00f3lidos de reinserci\u00f3n, as\u00ed como alternativas de soluci\u00f3n distintas a la prisi\u00f3n dentro del sistema de justicia que tengan un impacto m\u00e1s positivo en temas de seguridad y justicia.<\/p>\n\n\n\n<p>Finalmente, sostuvo que la DDHPO conjuntamente con ASILEGAL, contin\u00faan con la realizaci\u00f3n del diagn\u00f3stico en distintos centros de reinserci\u00f3n social al interior del estado.<\/p>\n","protected":false},"excerpt":{"rendered":"<p>Redacci\u00f3n\/Zona Roja. Oaxaca de Ju\u00e1rez, Oax., a 21 de octubre de 2022.- La Defensor\u00eda de&hellip;<\/p>\n","protected":false},"author":2,"featured_media":24072,"comment_status":"closed","ping_status":"open","sticky":false,"template":"","format":"standard","meta":{"_lmt_disableupdate":"","_lmt_disable":"","_jetpack_memberships_contains_paid_content":false,"footnotes":""},"categories":[109,46],"tags":[287],"class_list":["post-47172","post","type-post","status-publish","format-standard","has-post-thumbnail","hentry","category-minuto-a-minuto","category-zona-blanca","tag-ddhpo"],"jetpack_featured_media_url":"https:\/\/zonaroja.com.mx\/wp-content\/uploads\/2021\/02\/Reclusorio-Tanivet.jpg","jetpack_sharing_enabled":true,"_links":{"self":[{"href":"https:\/\/zonaroja.com.mx\/index.php?rest_route=\/wp\/v2\/posts\/47172","targetHints":{"allow":["GET"]}}],"collection":[{"href":"https:\/\/zonaroja.com.mx\/index.php?rest_route=\/wp\/v2\/posts"}],"about":[{"href":"https:\/\/zonaroja.com.mx\/index.php?rest_route=\/wp\/v2\/types\/post"}],"author":[{"embeddable":true,"href":"https:\/\/zonaroja.com.mx\/index.php?rest_route=\/wp\/v2\/users\/2"}],"replies":[{"embeddable":true,"href":"https:\/\/zonaroja.com.mx\/index.php?rest_route=%2Fwp%2Fv2%2Fcomments&post=47172"}],"version-history":[{"count":1,"href":"https:\/\/zonaroja.com.mx\/index.php?rest_route=\/wp\/v2\/posts\/47172\/revisions"}],"predecessor-version":[{"id":47173,"href":"https:\/\/zonaroja.com.mx\/index.php?rest_route=\/wp\/v2\/posts\/47172\/revisions\/47173"}],"wp:featuredmedia":[{"embeddable":true,"href":"https:\/\/zonaroja.com.mx\/index.php?rest_route=\/wp\/v2\/media\/24072"}],"wp:attachment":[{"href":"https:\/\/zonaroja.com.mx\/index.php?rest_route=%2Fwp%2Fv2%2Fmedia&parent=47172"}],"wp:term":[{"taxonomy":"category","embeddable":true,"href":"https:\/\/zonaroja.com.mx\/index.php?rest_route=%2Fwp%2Fv2%2Fcategories&post=47172"},{"taxonomy":"post_tag","embeddable":true,"href":"https:\/\/zonaroja.com.mx\/index.php?rest_route=%2Fwp%2Fv2%2Ftags&post=47172"}],"curies":[{"name":"wp","href":"https:\/\/api.w.org\/{rel}","templated":true}]}}