{"id":47174,"date":"2022-10-21T22:16:33","date_gmt":"2022-10-22T03:16:33","guid":{"rendered":"http:\/\/www.zonaroja.com.mx\/?p=47174"},"modified":"2022-10-21T22:16:34","modified_gmt":"2022-10-22T03:16:34","slug":"asesinan-a-obrero-en-construccion-de-pinotepa-nacional","status":"publish","type":"post","link":"https:\/\/zonaroja.com.mx\/?p=47174","title":{"rendered":"Asesinan a obrero en construcci\u00f3n de Pinotepa Nacional"},"content":{"rendered":"\n<p>Redacci\u00f3n\/Zona Roja. Foto: CMM Noticias.<\/p>\n\n\n\n<p>Oaxaca de Ju\u00e1rez, Oax., a 21 de octubre de 2022.- Un obrero fue asesinado por disparos de arma de fuego poco despu\u00e9s del mediod\u00eda en Santiago Pinotepa Nacional, municipio de la regi\u00f3n Costa.<\/p>\n\n\n\n<p>Fue alrededor de las 13:00 horas en que sujetos armados arribaron a la obra en un domicilio particular de la calle 29 Sur en la colonia 20 de Noviembre y dispararon de manera directa en contra de la v\u00edctima, a\u00fan no identificada.<\/p>\n\n\n\n<p>Hasta el momento no hay personas detenidas tras supuestos operativos de b\u00fasqueda por parte de la Polic\u00eda Estatal, Guardia Nacional y polic\u00eda municipal, esta \u00faltima con mando tra\u00eddo de la Secretar\u00eda de Marina desde hace unos dos meses.<\/p>\n\n\n\n<p>Personal de la Vicefiscal\u00eda Regional de la Costa, dependiente de la Fiscal\u00eda General del Estado de Oaxaca, inici\u00f3 las investigaciones correspondientes para dar con los responsables del crimen.<\/p>\n","protected":false},"excerpt":{"rendered":"<p>Redacci\u00f3n\/Zona Roja. Foto: CMM Noticias. Oaxaca de Ju\u00e1rez, Oax., a 21 de octubre de 2022.-&hellip;<\/p>\n","protected":false},"author":2,"featured_media":47175,"comment_status":"closed","ping_status":"open","sticky":false,"template":"","format":"standard","meta":{"_lmt_disableupdate":"","_lmt_disable":"","_jetpack_memberships_contains_paid_content":false,"footnotes":""},"categories":[109,51],"tags":[651],"class_list":["post-47174","post","type-post","status-publish","format-standard","has-post-thumbnail","hentry","category-minuto-a-minuto","category-zona-roja","tag-santiago-pinotepa-nacional"],"jetpack_featured_media_url":"https:\/\/zonaroja.com.mx\/wp-content\/uploads\/2022\/10\/Asesinado-Pinotepa-Nacional.jpeg","jetpack_sharing_enabled":true,"_links":{"self":[{"href":"https:\/\/zonaroja.com.mx\/index.php?rest_route=\/wp\/v2\/posts\/47174","targetHints":{"allow":["GET"]}}],"collection":[{"href":"https:\/\/zonaroja.com.mx\/index.php?rest_route=\/wp\/v2\/posts"}],"about":[{"href":"https:\/\/zonaroja.com.mx\/index.php?rest_route=\/wp\/v2\/types\/post"}],"author":[{"embeddable":true,"href":"https:\/\/zonaroja.com.mx\/index.php?rest_route=\/wp\/v2\/users\/2"}],"replies":[{"embeddable":true,"href":"https:\/\/zonaroja.com.mx\/index.php?rest_route=%2Fwp%2Fv2%2Fcomments&post=47174"}],"version-history":[{"count":1,"href":"https:\/\/zonaroja.com.mx\/index.php?rest_route=\/wp\/v2\/posts\/47174\/revisions"}],"predecessor-version":[{"id":47176,"href":"https:\/\/zonaroja.com.mx\/index.php?rest_route=\/wp\/v2\/posts\/47174\/revisions\/47176"}],"wp:featuredmedia":[{"embeddable":true,"href":"https:\/\/zonaroja.com.mx\/index.php?rest_route=\/wp\/v2\/media\/47175"}],"wp:attachment":[{"href":"https:\/\/zonaroja.com.mx\/index.php?rest_route=%2Fwp%2Fv2%2Fmedia&parent=47174"}],"wp:term":[{"taxonomy":"category","embeddable":true,"href":"https:\/\/zonaroja.com.mx\/index.php?rest_route=%2Fwp%2Fv2%2Fcategories&post=47174"},{"taxonomy":"post_tag","embeddable":true,"href":"https:\/\/zonaroja.com.mx\/index.php?rest_route=%2Fwp%2Fv2%2Ftags&post=47174"}],"curies":[{"name":"wp","href":"https:\/\/api.w.org\/{rel}","templated":true}]}}