{"id":47177,"date":"2022-10-22T06:44:59","date_gmt":"2022-10-22T11:44:59","guid":{"rendered":"http:\/\/www.zonaroja.com.mx\/?p=47177"},"modified":"2022-10-22T06:45:01","modified_gmt":"2022-10-22T11:45:01","slug":"tras-dos-anos-de-pandemia-reanuda-feria-internacional-del-libro","status":"publish","type":"post","link":"https:\/\/zonaroja.com.mx\/?p=47177","title":{"rendered":"Tras dos a\u00f1os de pandemia, reanuda Feria Internacional del Libro"},"content":{"rendered":"\n<p>Redacci\u00f3n\/Zona Roja.<\/p>\n\n\n\n<p>Oaxaca de Ju\u00e1rez, Oax., a 22 de octubre de 2022.- Al realizar la declaratoria inaugural de la edici\u00f3n n\u00famero 42 de la Feria Internacional del Libro de Oaxaca (FILO) que se llevar\u00e1 a cabo del 21 al 30 de octubre, el gobernador Alejandro Murat Hinojosa declar\u00f3 que es un privilegio que en Oaxaca se tenga una iniciativa que por m\u00e1s de cuatro d\u00e9cadas ha hecho del libro un instrumento de di\u00e1logo cultural entre pueblos y naciones.<\/p>\n\n\n\n<p>Luego de dos a\u00f1os de distanciamiento por la pandemia de Covid-19, la FILO regresa en formato presencial bajo la tem\u00e1tica: \u201cEl espacio y sus posibilidades\u201d, a trav\u00e9s del cual se busca detonar la reflexi\u00f3n sobre la p\u00e9rdida de espacios por la pandemia y la exploraci\u00f3n de otros no f\u00edsicos como el libro.<\/p>\n\n\n\n<p>En compa\u00f1\u00eda de los organizadores, Vania Res\u00e9ndiz y Guillermo Quijas, grandes animadores de la cultura y promotores del libro a nivel nacional e internacional, el mandatario oaxaque\u00f1o resalt\u00f3 que \u201clo \u00fanico que no le puede faltar al ser humano son las ideas, y en esta pandemia, todas y todos vivimos en espacios cerrados, pero sin duda, los libros nos abrieron esas posibilidades de seguir so\u00f1ando, de reflexionar, debatir y pensar qu\u00e9 ruta queremos para la sociedad. La verdad me entusiasma mucho estar hoy aqu\u00ed con ustedes a nombre de Oaxaca\u201d, dijo.<\/p>\n\n\n\n<p>En este sentido, extern\u00f3 su agradecimiento por este encuentro con la palabra a trav\u00e9s de la FILO que tiene ya un lugar en la historia de la cultura en M\u00e9xico. \u201cEsta feria es ya parte de la identidad cultural de Oaxaca. Oaxaca es el reflejo espiritual y cultural de M\u00e9xico tambi\u00e9n gracias a instituciones como la Feria del Libro, la cual cuenta con espacios para todos los grupos de edad, misma que se ha convertido, hoy por hoy, en una gran plataforma de divulgaci\u00f3n de Oaxaca y su cultura\u201d, concluy\u00f3.<\/p>\n\n\n\n<p>La FILO es uno de los encuentros literarios y de fomento a la lectura m\u00e1s importantes del pa\u00eds, que convoca a escritores, editores libreros, ilustradores, periodistas, m\u00fasicos y artistas.<\/p>\n\n\n\n<p>Tiene como sede principal el Centro Cultural y de Convenciones de Oaxaca (CCCO) e incluye la programaci\u00f3n de 380 actividades, con la participaci\u00f3n de 286 invitadas e invitados.<\/p>\n\n\n\n<p>Tambi\u00e9n llegar\u00e1 a otras sedes dentro de la capital como la Biblioteca \u201cChipi Choi\u201d en San Juan Chapultepec, la Casa Hogar del DIF, el Taller-Galer\u00eda Ojo tres y el palacio municipal de Oaxaca de Ju\u00e1rez.&nbsp;<\/p>\n\n\n\n<p>En comunidades visitar\u00e1 la biblioteca \u201cDonaj\u00ed\u201d en Zaachila, el Centro Cultural Mar\u00eda Taurina en Juchit\u00e1n, y cinco telebachilleratos comunitarios de Valles Centrales, la Ca\u00f1ada y la Sierra Norte.<\/p>\n\n\n\n<figure class=\"wp-block-embed is-type-rich is-provider-twitter wp-block-embed-twitter\"><div class=\"wp-block-embed__wrapper\">\n<div class=\"twitter-tweet\"><blockquote class=\"twitter-tweet\" data-lang=\"es\"><p lang=\"es\" dir=\"ltr\">\u00a1La <a href=\"https:\/\/twitter.com\/FILOaxaca?ref_src=twsrc%5Etfw\">@FILOaxaca<\/a>, ha dado inicio! Ven al <a href=\"https:\/\/twitter.com\/hashtag\/CCCO?src=hash&amp;ref_src=twsrc%5Etfw\">#CCCO<\/a> y no te pierdas de su incre\u00edble programaci\u00f3n; cons\u00faltala en <a href=\"https:\/\/t.co\/RzPdHTLxIw\">https:\/\/t.co\/RzPdHTLxIw<\/a><br><br>Cultura, arte, creatividad, letras y m\u00e1s&#8230; <a href=\"https:\/\/twitter.com\/hashtag\/OaxacaLoTieneTodo?src=hash&amp;ref_src=twsrc%5Etfw\">#OaxacaLoTieneTodo<\/a> <a href=\"https:\/\/twitter.com\/hashtag\/42FILO?src=hash&amp;ref_src=twsrc%5Etfw\">#42FILO<\/a> <a href=\"https:\/\/t.co\/RTM080Ga4V\">pic.twitter.com\/RTM080Ga4V<\/a><\/p>&mdash; Alejandro Murat (@alejandromurat) <a href=\"https:\/\/twitter.com\/alejandromurat\/status\/1583641668649357312?ref_src=twsrc%5Etfw\">22 de octubre de 2022<\/a><\/blockquote><\/div>\n<\/div><figcaption>dro <\/figcaption><\/figure>\n","protected":false},"excerpt":{"rendered":"<p>Redacci\u00f3n\/Zona Roja. Oaxaca de Ju\u00e1rez, Oax., a 22 de octubre de 2022.- Al realizar la&hellip;<\/p>\n","protected":false},"author":2,"featured_media":47178,"comment_status":"closed","ping_status":"open","sticky":false,"template":"","format":"standard","meta":{"_lmt_disableupdate":"","_lmt_disable":"","_jetpack_memberships_contains_paid_content":false,"footnotes":""},"categories":[109,46],"tags":[173],"class_list":["post-47177","post","type-post","status-publish","format-standard","has-post-thumbnail","hentry","category-minuto-a-minuto","category-zona-blanca","tag-alejandro-murat-hinojosa"],"jetpack_featured_media_url":"https:\/\/zonaroja.com.mx\/wp-content\/uploads\/2022\/10\/AMH-FILO-4.jpeg","jetpack_sharing_enabled":true,"_links":{"self":[{"href":"https:\/\/zonaroja.com.mx\/index.php?rest_route=\/wp\/v2\/posts\/47177","targetHints":{"allow":["GET"]}}],"collection":[{"href":"https:\/\/zonaroja.com.mx\/index.php?rest_route=\/wp\/v2\/posts"}],"about":[{"href":"https:\/\/zonaroja.com.mx\/index.php?rest_route=\/wp\/v2\/types\/post"}],"author":[{"embeddable":true,"href":"https:\/\/zonaroja.com.mx\/index.php?rest_route=\/wp\/v2\/users\/2"}],"replies":[{"embeddable":true,"href":"https:\/\/zonaroja.com.mx\/index.php?rest_route=%2Fwp%2Fv2%2Fcomments&post=47177"}],"version-history":[{"count":1,"href":"https:\/\/zonaroja.com.mx\/index.php?rest_route=\/wp\/v2\/posts\/47177\/revisions"}],"predecessor-version":[{"id":47179,"href":"https:\/\/zonaroja.com.mx\/index.php?rest_route=\/wp\/v2\/posts\/47177\/revisions\/47179"}],"wp:featuredmedia":[{"embeddable":true,"href":"https:\/\/zonaroja.com.mx\/index.php?rest_route=\/wp\/v2\/media\/47178"}],"wp:attachment":[{"href":"https:\/\/zonaroja.com.mx\/index.php?rest_route=%2Fwp%2Fv2%2Fmedia&parent=47177"}],"wp:term":[{"taxonomy":"category","embeddable":true,"href":"https:\/\/zonaroja.com.mx\/index.php?rest_route=%2Fwp%2Fv2%2Fcategories&post=47177"},{"taxonomy":"post_tag","embeddable":true,"href":"https:\/\/zonaroja.com.mx\/index.php?rest_route=%2Fwp%2Fv2%2Ftags&post=47177"}],"curies":[{"name":"wp","href":"https:\/\/api.w.org\/{rel}","templated":true}]}}