{"id":47196,"date":"2022-10-22T19:32:38","date_gmt":"2022-10-23T00:32:38","guid":{"rendered":"https:\/\/www.zonaroja.com.mx\/?p=47196"},"modified":"2022-10-22T19:32:44","modified_gmt":"2022-10-23T00:32:44","slug":"cautiva-oaxaca-a-cantante-diana-vanoni-espera-volver-para-ofrecer-concierto","status":"publish","type":"post","link":"https:\/\/zonaroja.com.mx\/?p=47196","title":{"rendered":"Cautiva Oaxaca a cantante Diana Vanoni; espera volver para ofrecer concierto"},"content":{"rendered":"\n<p>Yuridiana Sosa\/ Zona Roja.<\/p>\n\n\n\n<p>Oaxaca de Ju\u00e1rez, Oax., 22 de octubre de 2022.- La cantante mexicana, originaria de Quer\u00e9taro, Diana Vanoni, presumi\u00f3 en sus redes sociales su estancia tur\u00edstica en la capital oaxaque\u00f1a, de la que est\u00e1 fascinada y espera volver pero para compartir su talento.<\/p>\n\n\n\n<p>En entrevista con ZONA ROJA durante su visita a Oaxaca, Vanoni resalt\u00f3 su admiraci\u00f3n por la cultura, tradici\u00f3n, gastronom\u00eda, arquitectura y arqueolog\u00eda de esta entidad, a la que siempre est\u00e1 dispuesta a llegar aunque no sea temporada de Guelaguetza.&nbsp;<\/p>\n\n\n\n<p>Es por ello que uno de sus anhelos es poder ofrecer un concierto y convivir con los oaxaque\u00f1os, a quienes guarda un gran cari\u00f1o porque siempre la han recibido y tratado con calidez.<\/p>\n\n\n\n<p>Diana Vanoni expres\u00f3 su alegr\u00eda por volver a pisar los escenarios y compartir su m\u00fasica frente a su p\u00fablico luego de complicados momentos de pandemia y en el que la reflexi\u00f3n sobre el valor de la vida se acent\u00faa sobre los \u00e9xitos que se puedan tener en el mundo art\u00edstico.<\/p>\n\n\n\n<p>\u201cEl \u00e9xito es moment\u00e1neo, no te puedes subir a un ladrillo y marearte; (esta carrera) es mantener la humildad como persona, como ser humano sin creerte de m\u00e1s, hacerlo es triste y peligroso\u201d, expresa la cantante con m\u00e1s de 30 a\u00f1os de trayectoria.<\/p>\n\n\n\n<figure class=\"wp-block-embed\"><div class=\"wp-block-embed__wrapper\">\n<div class=\"twitter-tweet\"><blockquote class=\"twitter-tweet\" data-lang=\"es\"><p lang=\"es\" dir=\"ltr\">\ud83d\udc4f\ud83d\udc4f\ud83d\udc4f\ud83d\udc4f\ud83d\udc4f<br>La cantante mexicana <a href=\"https:\/\/twitter.com\/diana_vanoni?ref_src=twsrc%5Etfw\">@diana_vanoni<\/a> se encuentra en Oaxaca. <br>Platic\u00f3 con <a href=\"https:\/\/twitter.com\/ZonaRoja_Oaxaca?ref_src=twsrc%5Etfw\">@ZonaRoja_Oaxaca<\/a> acerca de su trayectoria y sus proyectos. <br>Aqu\u00ed un extracto: <a href=\"https:\/\/t.co\/8L8uie9Q5r\">pic.twitter.com\/8L8uie9Q5r<\/a><\/p>&mdash; Zona Roja Oaxaca (@ZonaRoja_Oaxaca) <a href=\"https:\/\/twitter.com\/ZonaRoja_Oaxaca\/status\/1582911922328186880?ref_src=twsrc%5Etfw\">20 de octubre de 2022<\/a><\/blockquote><\/div>\n<\/div><\/figure>\n\n\n\n<p>Famosa desde la d\u00e9cada de los 80 por sus baladas y con una pausa por algunos a\u00f1os a su carrera, la queretana se siente emocionada de retomar su carrera, la cual rompi\u00f3 tambi\u00e9n durante la contingencia experimentando con proyectos desde casa.<\/p>\n\n\n\n<p>&nbsp;Desde hace varios meses promociona los temas \u201cA donde vayas\u201d, de Marco Antonio Sol\u00eds \u2018El Buki\u2019, y \u201cM\u00edo\u201d, de Manolo Sabre Marroqu\u00edn, mismos que lanz\u00f3 durante la pandemia y se encuentran disponibles en las diferentes plataformas.&nbsp;<\/p>\n\n\n\n<p>As\u00ed tambi\u00e9n est\u00e1 feliz por un disco que grab\u00f3 con Los Panchos, el cual la llena de orgullo e ilusi\u00f3n, adem\u00e1s que es un proyecto que pudo platicar con el extinto cantautor Armando Manzanero.&nbsp;<\/p>\n\n\n\n<p>Aunque desde que retom\u00f3 su carrera sobre los escenarios no ha parado con diferentes presentaciones en el interior del pa\u00eds, se encuentra enfocada y emocionada por la presentaci\u00f3n especial que tendr\u00e9 en la&nbsp;Arena Ciudad de M\u00e9xicoel pr\u00f3ximo&nbsp;9 de noviembre&nbsp;para un importante encuentro deportivo de tenistas, en el que interpretar\u00e1 a capela el Himno Nacional Mexicano.<\/p>\n\n\n\n<p>Este acto, dijo, es un gran reto, pues debe salir a la perfecci\u00f3n.Al finalizar la entrevista con ZONA ROJA Diana Vanoni expres\u00f3 nuevamente su admiraci\u00f3n por Oaxaca, a donde espera pronto volver. <\/p>\n","protected":false},"excerpt":{"rendered":"<p>Yuridiana Sosa\/ Zona Roja. Oaxaca de Ju\u00e1rez, Oax., 22 de octubre de 2022.- La cantante&hellip;<\/p>\n","protected":false},"author":2,"featured_media":47109,"comment_status":"closed","ping_status":"open","sticky":false,"template":"","format":"standard","meta":{"_lmt_disableupdate":"","_lmt_disable":"","_jetpack_memberships_contains_paid_content":false,"footnotes":""},"categories":[109,46],"tags":[],"class_list":["post-47196","post","type-post","status-publish","format-standard","has-post-thumbnail","hentry","category-minuto-a-minuto","category-zona-blanca"],"jetpack_featured_media_url":"https:\/\/zonaroja.com.mx\/wp-content\/uploads\/2022\/10\/Diana-Vanoni.jpg","jetpack_sharing_enabled":true,"_links":{"self":[{"href":"https:\/\/zonaroja.com.mx\/index.php?rest_route=\/wp\/v2\/posts\/47196","targetHints":{"allow":["GET"]}}],"collection":[{"href":"https:\/\/zonaroja.com.mx\/index.php?rest_route=\/wp\/v2\/posts"}],"about":[{"href":"https:\/\/zonaroja.com.mx\/index.php?rest_route=\/wp\/v2\/types\/post"}],"author":[{"embeddable":true,"href":"https:\/\/zonaroja.com.mx\/index.php?rest_route=\/wp\/v2\/users\/2"}],"replies":[{"embeddable":true,"href":"https:\/\/zonaroja.com.mx\/index.php?rest_route=%2Fwp%2Fv2%2Fcomments&post=47196"}],"version-history":[{"count":1,"href":"https:\/\/zonaroja.com.mx\/index.php?rest_route=\/wp\/v2\/posts\/47196\/revisions"}],"predecessor-version":[{"id":47197,"href":"https:\/\/zonaroja.com.mx\/index.php?rest_route=\/wp\/v2\/posts\/47196\/revisions\/47197"}],"wp:featuredmedia":[{"embeddable":true,"href":"https:\/\/zonaroja.com.mx\/index.php?rest_route=\/wp\/v2\/media\/47109"}],"wp:attachment":[{"href":"https:\/\/zonaroja.com.mx\/index.php?rest_route=%2Fwp%2Fv2%2Fmedia&parent=47196"}],"wp:term":[{"taxonomy":"category","embeddable":true,"href":"https:\/\/zonaroja.com.mx\/index.php?rest_route=%2Fwp%2Fv2%2Fcategories&post=47196"},{"taxonomy":"post_tag","embeddable":true,"href":"https:\/\/zonaroja.com.mx\/index.php?rest_route=%2Fwp%2Fv2%2Ftags&post=47196"}],"curies":[{"name":"wp","href":"https:\/\/api.w.org\/{rel}","templated":true}]}}