{"id":47201,"date":"2022-10-23T11:00:00","date_gmt":"2022-10-23T16:00:00","guid":{"rendered":"http:\/\/www.zonaroja.com.mx\/?p=47201"},"modified":"2022-10-23T06:58:35","modified_gmt":"2022-10-23T11:58:35","slug":"persiste-desaparicion-de-24-personas-en-octubre-entre-ellas-un-policia","status":"publish","type":"post","link":"https:\/\/zonaroja.com.mx\/?p=47201","title":{"rendered":"Persiste desaparici\u00f3n de 24 personas en octubre, entre ellas un polic\u00eda"},"content":{"rendered":"\n<p>Yuridiana Sosa\/Zona Roja.<\/p>\n\n\n\n<p>Oaxaca de Ju\u00e1rez, Oax., a 23 de octubre de 2022.- Desde el pasado 8 de octubre est\u00e1 desaparecido Edi Noel P\u00e9rez Hern\u00e1ndez, polic\u00eda municipal de Oaxaca responsable del sistema de videovigilancia C-2-<\/p>\n\n\n\n<p>La \u00faltima vez que lo vieron fue en su natal San Jacinto Chilateca, Ocotl\u00e1n, donde lo habr\u00eda secuestrado un grupo delictivo, para presionar a la corporaci\u00f3n policiaca.<\/p>\n\n\n\n<p>Seg\u00fan se ha difundido entre la tropa, los delincuentes advirtieron que uniformados capitalinos han violado pactos con la delincuencia organizada, por lo que podr\u00eda, secuestrar a m\u00e1s polic\u00edas. De Edi Noel hasta el momento, nada se sabe de su paradero.<\/p>\n\n\n\n<p>M\u00daLTIPLES CASOS<\/p>\n\n\n\n<p>Unas 24 personas, 10 mujeres y 13 varones, reportadas como desaparecidas durante octubre en territorio oaxaque\u00f1o contin\u00faan sin regresar a casa. Sus fichas de b\u00fasqueda siguen activas para su localizaci\u00f3n.<\/p>\n\n\n\n<p>Del total de las b\u00fasquedas activadas por la Fiscal\u00eda General de Oaxaca por medio de la Unidad de B\u00fasqueda de Personas Desaparecidas y No Localizadas (DNOL) nueve corresponden a personas que desaparecieron en otros meses, tres mujeres y seis hombres.<\/p>\n\n\n\n<p>Ayer 22 de octubre, Esmeralda Ju\u00e1rez Gij\u00f3n desapareci\u00f3 en San Agust\u00edn de las Juntas, municipio conurbado a la capital oaxaque\u00f1a. Entre las fichas publicadas recientemente se encuentra el caso de Norma V\u00e1squez V\u00e1squez, de 39 a\u00f1os, vista por \u00faltima vez el pasado 15 de octubre en Santiaguito Etla, San Lorenzo Cacaotepec, Etla.<\/p>\n\n\n\n<p>Cecilia Garc\u00eda Alonso, de 36 a\u00f1os, desapareci\u00f3 el 14 de octubre en la agencia municipal de San Juan Chapultepec, en el Barrio del Rosario de Oaxaca de Ju\u00e1rez; mientras que Karina Ziszhan Qiu Zhong, de 13 a\u00f1os, fue reportada como no localizada desde el 3 octubre, cuando fue vista por \u00faltima vez en el fraccionamiento Costa Verde de San Juan Bautista Tuxtepec.<\/p>\n\n\n\n<p>Ayer fue publicada la ficha de Elizabeth Ojeda Hern\u00e1ndez y su peque\u00f1a Briseida Ira\u00eds, vistas por \u00faltima vez el 10 de octubre en Santiago Ixtayutla. Desde el 1 de octubre Gabriela \u00c1ngeles Ortiz Ram\u00edrez, de 26 a\u00f1os, no ha regresado a casa. Ella desapareci\u00f3 en Ocotl\u00e1n de Morelos.<\/p>\n\n\n\n<p>En octubre se reportaron los casos de desaparici\u00f3n de Fabiola, Asley y \u00c1ngeles, de quienes sus familiares perdieron comunicaci\u00f3n en otros meses y a\u00f1os.<\/p>\n\n\n\n<p>Fabiola S\u00e1nchez Celaya, de 47 a\u00f1os, fue vista por \u00faltima vez desde el 16 de marzo de 2019 en el Infonavit Primero de Mayo de la ciudad de Oaxaca de Ju\u00e1rez; el caso de \u00c1ngeles Perales Medina, de 49 a\u00f1os, ocurri\u00f3 el 16 de diciembre de 2020 en Puerto \u00c1ngel de San Pedro Pochutla y Asley Roxana Lorenzo Linares de siete a\u00f1os, quien va en compa\u00f1\u00eda de su progenitora Keyla Linares Andr\u00e9s, desapareci\u00f3 el 3 de mayo de este a\u00f1o en &nbsp;la localidad de Arroyo Iguana en San Felipe Usila.<\/p>\n\n\n\n<p>VARONES<\/p>\n\n\n\n<p>Desde hace varios d\u00edas, la familia de Francisco Rojas Granados, de 48 a\u00f1os de edad, lo busca tras perder comunicaci\u00f3n con \u00e9l desde el 17 de octubre, en la ciudad de Oaxaca de Ju\u00e1rez; Jos\u00e9 Cupertino Ramos Guillen, de 60 a\u00f1os, fue visto por \u00faltima vez el 15 de octubre en Santa Mar\u00eda Corrijo de Santiago Jamiltepec,.<\/p>\n\n\n\n<p>&nbsp;Jonathan Armando Quiroz Gonz\u00e1lez, de 21 a\u00f1os, despareci\u00f3 el 9 de octubre en la colonia Itandehui de la agencia de San Mart\u00edn Mexicapam de Oaxaca De Ju\u00e1rez; la desaparici\u00f3n de Francisco Javier V\u00e1zquez Gij\u00f3n, 37 a\u00f1os, ocurri\u00f3 el 8 de octubre en el Infonavit Las Limas de San Juan Bautista Tuxtepec. Ese mismo d\u00eda, Di Noel P\u00e9rez Hern\u00e1ndez de 34 a\u00f1os fue visto por \u00faltima vez en San Jacinto Chilateca de Ocotl\u00e1n de Morelos.<\/p>\n\n\n\n<p>D\u00edas antes, se registr\u00f3 la no localizaci\u00f3n de Miguel L\u00f3pez Ram\u00edrez, de 33 a\u00f1os, ocurrida desde el &nbsp;5 de octubre luego de ser visto en la Carretera Federal 190, en inmediaciones de la localidad de El Camar\u00f3n, Yautepec. Tambi\u00e9n en esa fecha, ocurri\u00f3 el caso de Aldo Jhovanny Cordero Mart\u00ednez, de 31 a\u00f1os, en la Colonia Hidalgo de&nbsp; Teotitl\u00e1n de Flores Mag\u00f3n.<\/p>\n\n\n\n<p>Respecto a los casos publicados en octubre, con fecha de origen de su desaparici\u00f3n en otras fechas, se registr\u00f3 el caso del menor de tres a\u00f1os de nombre Kleiver Farid Espinoza Hay, quien iba en compa\u00f1\u00eda de su progenitor Kleiver Nazario Espinoza Hern\u00e1ndez. Fueron vistos por \u00faltima vez el 19 de agosto en la colonia Petrolera de Salina Cruz.<\/p>\n\n\n\n<p>El pasado 12 de septiembre desapareci\u00f3 Arag\u00f3n Cornelio P\u00e9rez, de 50 a\u00f1os, en San Isidro, El Quey\u00f3n de Miahuatl\u00e1n De Porfirio D\u00edaz; de Alexis G\u00f3mez Machucho, de 18 a\u00f1os, se tuvo contacto por \u00faltima vez el 26 de septiembre en el Fraccionamiento del Sureste Primera Etapa, de &nbsp;San Juan Bautista Tuxtepec.<\/p>\n\n\n\n<p>Juan Manuel V\u00e1squez, de siete a\u00f1os, iba en compa\u00f1\u00eda de su progenitor Jaime Manuel Hern\u00e1ndez, cuando fue visto por \u00faltima vez el 26 de diciembre de 2021, en la colonia De La Cruz de San Pablo Huitzo.<\/p>\n\n\n\n<p>Otro caso similar ocurri\u00f3 con el menor Jaziel Murillo Cruz, de tres a\u00f1os, quien iba en compa\u00f1\u00eda de su progenitora Karla Cruz Aguirre, cuando desapareci\u00f3 el 6 de julio de este a\u00f1o en la colonia Insurgentes de San Juan Bautista Tuxtepec.<\/p>\n\n\n\n<p>Mientras que Antonio G\u00f3mez Sol\u00eds , conocido como \u201cTony\u201d, de 24 a\u00f1os, fue visto por \u00faltima vez el 22 de septiembre de este a\u00f1o en San Juan Bautista Tuxtepec.<\/p>\n","protected":false},"excerpt":{"rendered":"<p>Yuridiana Sosa\/Zona Roja. Oaxaca de Ju\u00e1rez, Oax., a 23 de octubre de 2022.- Desde el&hellip;<\/p>\n","protected":false},"author":2,"featured_media":47202,"comment_status":"closed","ping_status":"open","sticky":false,"template":"","format":"standard","meta":{"_lmt_disableupdate":"","_lmt_disable":"","_jetpack_memberships_contains_paid_content":false,"footnotes":""},"categories":[109,47],"tags":[455],"class_list":["post-47201","post","type-post","status-publish","format-standard","has-post-thumbnail","hentry","category-minuto-a-minuto","category-zona-gris","tag-mujeres-desaparecidas-oaxaca"],"jetpack_featured_media_url":"https:\/\/zonaroja.com.mx\/wp-content\/uploads\/2022\/10\/Desaparecidos-Oaxaca.jpg","jetpack_sharing_enabled":true,"_links":{"self":[{"href":"https:\/\/zonaroja.com.mx\/index.php?rest_route=\/wp\/v2\/posts\/47201","targetHints":{"allow":["GET"]}}],"collection":[{"href":"https:\/\/zonaroja.com.mx\/index.php?rest_route=\/wp\/v2\/posts"}],"about":[{"href":"https:\/\/zonaroja.com.mx\/index.php?rest_route=\/wp\/v2\/types\/post"}],"author":[{"embeddable":true,"href":"https:\/\/zonaroja.com.mx\/index.php?rest_route=\/wp\/v2\/users\/2"}],"replies":[{"embeddable":true,"href":"https:\/\/zonaroja.com.mx\/index.php?rest_route=%2Fwp%2Fv2%2Fcomments&post=47201"}],"version-history":[{"count":1,"href":"https:\/\/zonaroja.com.mx\/index.php?rest_route=\/wp\/v2\/posts\/47201\/revisions"}],"predecessor-version":[{"id":47203,"href":"https:\/\/zonaroja.com.mx\/index.php?rest_route=\/wp\/v2\/posts\/47201\/revisions\/47203"}],"wp:featuredmedia":[{"embeddable":true,"href":"https:\/\/zonaroja.com.mx\/index.php?rest_route=\/wp\/v2\/media\/47202"}],"wp:attachment":[{"href":"https:\/\/zonaroja.com.mx\/index.php?rest_route=%2Fwp%2Fv2%2Fmedia&parent=47201"}],"wp:term":[{"taxonomy":"category","embeddable":true,"href":"https:\/\/zonaroja.com.mx\/index.php?rest_route=%2Fwp%2Fv2%2Fcategories&post=47201"},{"taxonomy":"post_tag","embeddable":true,"href":"https:\/\/zonaroja.com.mx\/index.php?rest_route=%2Fwp%2Fv2%2Ftags&post=47201"}],"curies":[{"name":"wp","href":"https:\/\/api.w.org\/{rel}","templated":true}]}}