{"id":47211,"date":"2022-10-23T07:46:01","date_gmt":"2022-10-23T12:46:01","guid":{"rendered":"http:\/\/www.zonaroja.com.mx\/?p=47211"},"modified":"2022-10-23T07:46:02","modified_gmt":"2022-10-23T12:46:02","slug":"sabado-rojo-registro-oaxaca-cinco-homicidios-entre-ellos-de-una-mujer","status":"publish","type":"post","link":"https:\/\/zonaroja.com.mx\/?p=47211","title":{"rendered":"S\u00e1bado rojo: registr\u00f3 Oaxaca cinco homicidios, entre ellos de una mujer"},"content":{"rendered":"\n<p>Redacci\u00f3n\/Zona Roja.<\/p>\n\n\n\n<p>Oaxaca de Ju\u00e1rez, Oax., a 23 de octubre de 2022.- La ola violenta en Oaxaca dej\u00f3 como saldo este s\u00e1bado cinco homicidios.<\/p>\n\n\n\n<p>El m\u00e1s reciente caso se registr\u00f3 en el municipio de El Barrio La Soledad, en la regi\u00f3n del Istmo, donde fue localizado el cuerpo de un individuo con varios impactos de arma de fuego; hasta el momento no ha sido identificado.<\/p>\n\n\n\n<p>Tambi\u00e9n ayer, en terrenos de cultivo de Santo Domingo Tehuantepec, fue localizado un cuerpo sin vida, en estado de descomposici\u00f3n, y de manera preliminar se inform\u00f3 que presenta disparos de arma de fuego.<\/p>\n\n\n\n<p>El hallazgo ocurri\u00f3 en el camino que comunica a Tehuantepec con Santa Mar\u00eda Xadani.<\/p>\n\n\n\n<p>Por la noche de ayer fue ejecutado un dirigente regional de la organizaci\u00f3n de transportistas CATEM, en la avenida Venustiano Carranza de Pinotepa Nacional; a\u00fan no hay personas detenidas.<\/p>\n\n\n\n<p>Mientras que los dos ejecutados ayer en Juchit\u00e1n de Zaragoza, cerca del acceso a la agencia de \u00c1lvaro Obreg\u00f3n, fueron identificados por sus familiares.<\/p>\n\n\n\n<p>Se trata de Mar\u00eda del Rosario N., de 35 a\u00f1os de edad, y de No\u00e9 V., de 32 a\u00f1os.<\/p>\n\n\n\n<p>Ambos son originarios de la ciudad juchiteca y sus cuerpos presentaron tambi\u00e9n varios impactos de arma de fuego.<\/p>\n","protected":false},"excerpt":{"rendered":"<p>Redacci\u00f3n\/Zona Roja. Oaxaca de Ju\u00e1rez, Oax., a 23 de octubre de 2022.- La ola violenta&hellip;<\/p>\n","protected":false},"author":2,"featured_media":7486,"comment_status":"closed","ping_status":"open","sticky":false,"template":"","format":"standard","meta":{"_lmt_disableupdate":"","_lmt_disable":"","_jetpack_memberships_contains_paid_content":false,"footnotes":""},"categories":[109,51],"tags":[964],"class_list":["post-47211","post","type-post","status-publish","format-standard","has-post-thumbnail","hentry","category-minuto-a-minuto","category-zona-roja","tag-violencia-oaxaca"],"jetpack_featured_media_url":"https:\/\/zonaroja.com.mx\/wp-content\/uploads\/2020\/01\/Escena-del-crimen7.jpg","jetpack_sharing_enabled":true,"_links":{"self":[{"href":"https:\/\/zonaroja.com.mx\/index.php?rest_route=\/wp\/v2\/posts\/47211","targetHints":{"allow":["GET"]}}],"collection":[{"href":"https:\/\/zonaroja.com.mx\/index.php?rest_route=\/wp\/v2\/posts"}],"about":[{"href":"https:\/\/zonaroja.com.mx\/index.php?rest_route=\/wp\/v2\/types\/post"}],"author":[{"embeddable":true,"href":"https:\/\/zonaroja.com.mx\/index.php?rest_route=\/wp\/v2\/users\/2"}],"replies":[{"embeddable":true,"href":"https:\/\/zonaroja.com.mx\/index.php?rest_route=%2Fwp%2Fv2%2Fcomments&post=47211"}],"version-history":[{"count":1,"href":"https:\/\/zonaroja.com.mx\/index.php?rest_route=\/wp\/v2\/posts\/47211\/revisions"}],"predecessor-version":[{"id":47212,"href":"https:\/\/zonaroja.com.mx\/index.php?rest_route=\/wp\/v2\/posts\/47211\/revisions\/47212"}],"wp:featuredmedia":[{"embeddable":true,"href":"https:\/\/zonaroja.com.mx\/index.php?rest_route=\/wp\/v2\/media\/7486"}],"wp:attachment":[{"href":"https:\/\/zonaroja.com.mx\/index.php?rest_route=%2Fwp%2Fv2%2Fmedia&parent=47211"}],"wp:term":[{"taxonomy":"category","embeddable":true,"href":"https:\/\/zonaroja.com.mx\/index.php?rest_route=%2Fwp%2Fv2%2Fcategories&post=47211"},{"taxonomy":"post_tag","embeddable":true,"href":"https:\/\/zonaroja.com.mx\/index.php?rest_route=%2Fwp%2Fv2%2Ftags&post=47211"}],"curies":[{"name":"wp","href":"https:\/\/api.w.org\/{rel}","templated":true}]}}