{"id":47226,"date":"2022-10-24T07:08:47","date_gmt":"2022-10-24T12:08:47","guid":{"rendered":"http:\/\/www.zonaroja.com.mx\/?p=47226"},"modified":"2022-10-24T07:08:49","modified_gmt":"2022-10-24T12:08:49","slug":"en-la-ultima-semana-solo-siete-casos-diarios-de-covid-en-oaxaca","status":"publish","type":"post","link":"https:\/\/zonaroja.com.mx\/?p=47226","title":{"rendered":"En la \u00faltima semana, s\u00f3lo siete casos diarios de Covid en Oaxaca"},"content":{"rendered":"\n<p>Redacci\u00f3n\/Zona Roja.<\/p>\n\n\n\n<p>Oaxaca de Ju\u00e1rez, Oax., a 24 de octubre de 2022.- Los Servicios de Salud de Oaxaca (SSO) informan que, durante el per\u00edodo comprendido del 16 al 22 de octubre, la entidad registr\u00f3 un acumulado de 149 mil 771 casos confirmados del virus SARS-CoV-2, de los cuales 49 se contabilizaron en estos \u00faltimos siete d\u00edas.<\/p>\n\n\n\n<p>Esta \u00faltima cifra representa \u00fanicamente siete contagios diarios en los \u00faltimos d\u00edas, lo que significa que los casos del virus siguen a la baja en la entidad.<\/p>\n\n\n\n<p>En un comunicado, la dependencia inform\u00f3 que el global de defunciones desde el inicio de la pandemia a la fecha se mantiene en 6 mil 343, pues en el periodo que se informa no se notific\u00f3 ning\u00fan deceso a causa de esta patolog\u00eda respiratoria. Y el promedio semanal de ocupaci\u00f3n hospitalaria fue de 7%.<\/p>\n\n\n\n<p>La instituci\u00f3n destac\u00f3 que es importante que en todo tiempo continuemos implementado con disciplina las medidas sanitarias vigentes para evitar un incremento de contagios como son: el uso correcto del cubrebocas recomendado en lugares cerrados y donde no sea posible mantener la sana distancia, el lavado de manos frecuente con agua y jab\u00f3n, mantener la distancia de persona a persona de 1.5 metros, as\u00ed como priorizar los espacios abiertos y bien ventilados.<\/p>\n\n\n\n<p>De igual forma, exhort\u00f3 a la poblaci\u00f3n a acudir a vacunarse cuando corresponda y estar al pendiente de los puntos activos de vacunaci\u00f3n del sector Salud.<\/p>\n\n\n\n<p>Sostuvo que, el autocuidado es responsabilidad de todas y todos, \u201cAy\u00fadanos a frenar la enfermedad\u00bb.<\/p>\n\n\n\n<figure class=\"wp-block-embed is-type-rich is-provider-twitter wp-block-embed-twitter\"><div class=\"wp-block-embed__wrapper\">\n<div class=\"twitter-tweet\"><blockquote class=\"twitter-tweet\" data-lang=\"es\"><p lang=\"es\" dir=\"ltr\"><a href=\"https:\/\/twitter.com\/hashtag\/%C3%9AltimoMinuto?src=hash&amp;ref_src=twsrc%5Etfw\">#\u00daltimoMinuto<\/a> <br>Los <a href=\"https:\/\/twitter.com\/SSO_GobOax?ref_src=twsrc%5Etfw\">@SSO_GobOax<\/a> reportan que del 16 al 22 de octubre se registraron en la entidad 49 contagios de Covid (siete cada d\u00eda) y 0 defunciones.<br>Hay 59 casos activos en 18 municipios. <br>Adem\u00e1s, 7 nosocomios saturados y ocupaci\u00f3n hospitalaria promedio de 7%. <a href=\"https:\/\/t.co\/ctnC1FJB3Y\">pic.twitter.com\/ctnC1FJB3Y<\/a><\/p>&mdash; Zona Roja Oaxaca (@ZonaRoja_Oaxaca) <a href=\"https:\/\/twitter.com\/ZonaRoja_Oaxaca\/status\/1584336866173947904?ref_src=twsrc%5Etfw\">24 de octubre de 2022<\/a><\/blockquote><\/div>\n<\/div><\/figure>\n","protected":false},"excerpt":{"rendered":"<p>Redacci\u00f3n\/Zona Roja. Oaxaca de Ju\u00e1rez, Oax., a 24 de octubre de 2022.- Los Servicios de&hellip;<\/p>\n","protected":false},"author":2,"featured_media":47227,"comment_status":"closed","ping_status":"open","sticky":false,"template":"","format":"standard","meta":{"_lmt_disableupdate":"","_lmt_disable":"","_jetpack_memberships_contains_paid_content":false,"footnotes":""},"categories":[109,47],"tags":[1512],"class_list":["post-47226","post","type-post","status-publish","format-standard","has-post-thumbnail","hentry","category-minuto-a-minuto","category-zona-gris","tag-coronavirus-oaxaca"],"jetpack_featured_media_url":"https:\/\/zonaroja.com.mx\/wp-content\/uploads\/2022\/10\/Coronavirus-Oaxaca-23-octubre.jpeg","jetpack_sharing_enabled":true,"_links":{"self":[{"href":"https:\/\/zonaroja.com.mx\/index.php?rest_route=\/wp\/v2\/posts\/47226","targetHints":{"allow":["GET"]}}],"collection":[{"href":"https:\/\/zonaroja.com.mx\/index.php?rest_route=\/wp\/v2\/posts"}],"about":[{"href":"https:\/\/zonaroja.com.mx\/index.php?rest_route=\/wp\/v2\/types\/post"}],"author":[{"embeddable":true,"href":"https:\/\/zonaroja.com.mx\/index.php?rest_route=\/wp\/v2\/users\/2"}],"replies":[{"embeddable":true,"href":"https:\/\/zonaroja.com.mx\/index.php?rest_route=%2Fwp%2Fv2%2Fcomments&post=47226"}],"version-history":[{"count":1,"href":"https:\/\/zonaroja.com.mx\/index.php?rest_route=\/wp\/v2\/posts\/47226\/revisions"}],"predecessor-version":[{"id":47228,"href":"https:\/\/zonaroja.com.mx\/index.php?rest_route=\/wp\/v2\/posts\/47226\/revisions\/47228"}],"wp:featuredmedia":[{"embeddable":true,"href":"https:\/\/zonaroja.com.mx\/index.php?rest_route=\/wp\/v2\/media\/47227"}],"wp:attachment":[{"href":"https:\/\/zonaroja.com.mx\/index.php?rest_route=%2Fwp%2Fv2%2Fmedia&parent=47226"}],"wp:term":[{"taxonomy":"category","embeddable":true,"href":"https:\/\/zonaroja.com.mx\/index.php?rest_route=%2Fwp%2Fv2%2Fcategories&post=47226"},{"taxonomy":"post_tag","embeddable":true,"href":"https:\/\/zonaroja.com.mx\/index.php?rest_route=%2Fwp%2Fv2%2Ftags&post=47226"}],"curies":[{"name":"wp","href":"https:\/\/api.w.org\/{rel}","templated":true}]}}