{"id":47234,"date":"2022-10-24T09:50:00","date_gmt":"2022-10-24T14:50:00","guid":{"rendered":"http:\/\/www.zonaroja.com.mx\/?p=47234"},"modified":"2022-10-24T08:04:24","modified_gmt":"2022-10-24T13:04:24","slug":"titular-de-la-segog-afirma-que-un-militar-puede-ser-presidente-de-mexico","status":"publish","type":"post","link":"https:\/\/zonaroja.com.mx\/?p=47234","title":{"rendered":"Titular de la Segog afirma que un militar puede ser Presidente de M\u00e9xico"},"content":{"rendered":"\n<p>Redacci\u00f3n\/Zona Roja Cdmx.<\/p>\n\n\n\n<p>Ciudad de M\u00e9xico, a 24 de octubre de 2022.- Ad\u00e1n Augusto L\u00f3pez, secretario de Gobernaci\u00f3n, afirm\u00f3 que los miembros de las Fuerzas Armadas tienen derecho a tener aspiraciones pol\u00edticas que incluso los puedan llevar a la Presidencia de M\u00e9xico.<\/p>\n\n\n\n<p>Durante su gira en Hidalgo para promover la aprobaci\u00f3n de la reforma sobre el Ej\u00e9rcito en tareas de Seguridad P\u00fablica, el funcionario record\u00f3 que M\u00e9xico tuvo el siglo pasado a un mandatario emanado de las Fuerzas Armadas: el general de Divisi\u00f3n Manuel \u00c1vila Camacho.<\/p>\n\n\n\n<p>\u201cDesde luego que un militar puede participar en tareas pol\u00edticas y puede tener aspiraciones pol\u00edticas y puede incluso ser presidente\u201d, dijo ante el Congreso hidalguense.<\/p>\n\n\n\n<p>Sin embargo, aclar\u00f3 que un posible candidato militar debe, como los civiles, someterse a la voluntad de las urnas.<\/p>\n\n\n\n<p>Ad\u00e1n Augusto, se\u00f1alado como uno de los aspirantes a la candidatura de Morena, remarc\u00f3 que la iniciativa aprobada ya por el Congreso de la Uni\u00f3n no significa una militarizaci\u00f3n.<\/p>\n\n\n\n<p>El secretario de Gobernaci\u00f3n ha tenido \u2018encontronazos\u2019 esta semana con legisladores y gobernadores de oposici\u00f3n por promover la extensi\u00f3n del tiempo de militares en tareas de seguridad.<\/p>\n\n\n\n<p>Sobre Samuel Garc\u00eda, mandatario de Nuevo Le\u00f3n, el funcionario dijo que no es \u201ccapaz\u201d ni de pedir con formalidad el apoyo de la Guardia Nacional, pues prefiere simplemente hacer una llamada.<\/p>\n\n\n\n<p>\u201cEs triste y lamentable como act\u00faa con hipocres\u00eda y con ego\u00edsmo. \u00bfSaben ustedes cu\u00e1ntos elementos de polic\u00eda estatal hay en Monterrey y la zona metropolitana? Mil 287 polic\u00edas que en realidad no prestan servicios de Seguridad P\u00fablica\u201d, asever\u00f3.<\/p>\n\n\n\n<p>Ad\u00e1n Augusto tambi\u00e9n \u2018tuvo\u2019 para Guanajuato y Jalisco, entidades gobernadas por partidos de oposici\u00f3n, al afirmar que lo primero que se le viene a la cabeza al escuchar sus nombres son \u201cba\u00f1os de snagre\u201d.<\/p>\n\n\n\n<p>Ante lo dicho, el gobernador Diego Sinhue Rodr\u00edguez dijo que m\u00e1s all\u00e1 de \u201cechar culpas\u201d y caer en dimes y diretes, Guanajuato no va a partidizar el tema de seguridad.\u201d<\/p>\n\n\n\n<p>(Informaci\u00f3n de \u201cEl Financiero\u201d)<\/p>\n","protected":false},"excerpt":{"rendered":"<p>Redacci\u00f3n\/Zona Roja Cdmx. Ciudad de M\u00e9xico, a 24 de octubre de 2022.- Ad\u00e1n Augusto L\u00f3pez,&hellip;<\/p>\n","protected":false},"author":2,"featured_media":46030,"comment_status":"closed","ping_status":"open","sticky":false,"template":"","format":"standard","meta":{"_lmt_disableupdate":"","_lmt_disable":"","_jetpack_memberships_contains_paid_content":false,"footnotes":""},"categories":[109,47],"tags":[3288],"class_list":["post-47234","post","type-post","status-publish","format-standard","has-post-thumbnail","hentry","category-minuto-a-minuto","category-zona-gris","tag-adan-augusto-lopez"],"jetpack_featured_media_url":"https:\/\/zonaroja.com.mx\/wp-content\/uploads\/2022\/09\/Ejercito-Mexicano-en-las-calles-3.jpeg","jetpack_sharing_enabled":true,"_links":{"self":[{"href":"https:\/\/zonaroja.com.mx\/index.php?rest_route=\/wp\/v2\/posts\/47234","targetHints":{"allow":["GET"]}}],"collection":[{"href":"https:\/\/zonaroja.com.mx\/index.php?rest_route=\/wp\/v2\/posts"}],"about":[{"href":"https:\/\/zonaroja.com.mx\/index.php?rest_route=\/wp\/v2\/types\/post"}],"author":[{"embeddable":true,"href":"https:\/\/zonaroja.com.mx\/index.php?rest_route=\/wp\/v2\/users\/2"}],"replies":[{"embeddable":true,"href":"https:\/\/zonaroja.com.mx\/index.php?rest_route=%2Fwp%2Fv2%2Fcomments&post=47234"}],"version-history":[{"count":1,"href":"https:\/\/zonaroja.com.mx\/index.php?rest_route=\/wp\/v2\/posts\/47234\/revisions"}],"predecessor-version":[{"id":47235,"href":"https:\/\/zonaroja.com.mx\/index.php?rest_route=\/wp\/v2\/posts\/47234\/revisions\/47235"}],"wp:featuredmedia":[{"embeddable":true,"href":"https:\/\/zonaroja.com.mx\/index.php?rest_route=\/wp\/v2\/media\/46030"}],"wp:attachment":[{"href":"https:\/\/zonaroja.com.mx\/index.php?rest_route=%2Fwp%2Fv2%2Fmedia&parent=47234"}],"wp:term":[{"taxonomy":"category","embeddable":true,"href":"https:\/\/zonaroja.com.mx\/index.php?rest_route=%2Fwp%2Fv2%2Fcategories&post=47234"},{"taxonomy":"post_tag","embeddable":true,"href":"https:\/\/zonaroja.com.mx\/index.php?rest_route=%2Fwp%2Fv2%2Ftags&post=47234"}],"curies":[{"name":"wp","href":"https:\/\/api.w.org\/{rel}","templated":true}]}}