{"id":47239,"date":"2022-10-24T14:33:00","date_gmt":"2022-10-24T19:33:00","guid":{"rendered":"https:\/\/www.zonaroja.com.mx\/?p=47239"},"modified":"2022-10-24T14:33:04","modified_gmt":"2022-10-24T19:33:04","slug":"otra-vez-fiscal-pedro-fierro-en-matias-romero-actua-a-favor-del-agresor-y-contra-victima","status":"publish","type":"post","link":"https:\/\/zonaroja.com.mx\/?p=47239","title":{"rendered":"Otra vez, fiscal Pedro Fierro en Mat\u00edas Romero, act\u00faa a favor del agresor y contra v\u00edctima"},"content":{"rendered":"\n<p>Yuridiana Sosa\/Zona Roja.&nbsp;<\/p>\n\n\n\n<p>Oaxaca de Ju\u00e1rez, Oax., 24 de octubre de 2022.- El responsable de la Fiscal\u00eda General de Oaxaca con sede en Mat\u00edas Romero, Pedro Fierros Z\u00e1rate, volvi\u00f3 a fallar contra una v\u00edctima, al determinar el sobreseimiento del delito de violaci\u00f3n contra \u201cPijy\u201d, as\u00ed como dej\u00f3 en libertad al primer detenido por el feminicidio de la fotoperiodista Mar\u00eda del Sol Cruz Jarqu\u00edn.<\/p>\n\n\n\n<p>La periodista y activista Soledad Jarqu\u00edn dio a conocer que el responsable de la liberaci\u00f3n del primer detenido sobre el feminicidio ocurrido el 2 de junio de 2018, fue Fierro Z\u00e1rate, por lo que una vez m\u00e1s el servidor act\u00faa contra las mujeres v\u00edctimas y favorece las relaciones pol\u00edticas.<\/p>\n\n\n\n<p>Este lunes, \u201cPijy\u201d y el activista Joaqu\u00edn Galv\u00e1n ofrecieron una conferencia de prensa para se\u00f1alar las persistentes irregularidades sobre este caso desde la Fiscal\u00eda General de Oaxaca y el Poder Judicial del Estado de Oaxaca, que con sus omisiones dan pie a la revictimizaci\u00f3n de la mujer.<\/p>\n\n\n\n<p>Cubierta del rostro &#8211; con cubrebocas, lentes y gorra- para proteger su identidad, la v\u00edctima demand\u00f3 justicia y reparaci\u00f3n del da\u00f1o.<\/p>\n\n\n\n<p>&nbsp;\u201cYo no conf\u00edo en el fiscal, ni en los ministerios p\u00fablicos que me han atendido, sabemos que el agresor tiene contacto dentro de la Fiscal\u00eda que le advierte de todo\u201d, pues adem\u00e1s, en este caso est\u00e1n implicados el juez de control de Mat\u00edas Romero, Omar Morales Sim\u00f3n y Liliana Carmen Barojas, tambi\u00e9n de esa misma Vicefiscal\u00eda. &nbsp;<\/p>\n\n\n\n<p>\u201cTengo el temor fundado de que no alcanzar\u00e9 justicia, por ello de ser posible quiero encontrar los mecanismos para que mi caso se traiga a nivel federal\u2026 no es pol\u00edtica, no es una calumnia, y les pido a ustedes que me ayuden a encontrarla\u201d, puntualiz\u00f3.<\/p>\n\n\n\n<figure class=\"wp-block-embed\"><div class=\"wp-block-embed__wrapper\">\n<div class=\"twitter-tweet\"><blockquote class=\"twitter-tweet\" data-lang=\"es\"><p lang=\"es\" dir=\"ltr\">2. Esta es la palabra de \u201cPijy\u201d, que exige justicia y reparaci\u00f3n del da\u00f1o:<br>\u201cYo exijo justicia, no es pol\u00edtica, no es una calumnia, y les pido a ustedes que me ayuden a encontrarla\u201d. <a href=\"https:\/\/t.co\/CdyCPthTJm\">pic.twitter.com\/CdyCPthTJm<\/a><\/p>&mdash; Zona Roja Oaxaca (@ZonaRoja_Oaxaca) <a href=\"https:\/\/twitter.com\/ZonaRoja_Oaxaca\/status\/1584593950249463808?ref_src=twsrc%5Etfw\">24 de octubre de 2022<\/a><\/blockquote><\/div>\n<\/div><\/figure>\n\n\n\n<p>Destacaron que el nuevo proceso penal que interpuso \u201cPijy\u201d, por suplantaci\u00f3n de identidad contra Karla N. y quienes resulten responsables, ser\u00eda llevado por juzgado donde labora el juez Omar Morales Sim\u00f3n, mismo que tambi\u00e9n ha diferido las audiencias que ha solicitado \u201cPijy\u201d para reponer la orden de aprehensi\u00f3n contra Pl\u00e1cido N.&nbsp;<\/p>\n\n\n\n<p>Por lo que para garantizar un mejor proceso demand\u00f3 su remoci\u00f3n, al menos provisionalmente.<\/p>\n\n\n\n<p>Mientras que Liliana Carmen Barojas se han negado a promover distintas acciones necesarias para garantizar una atenci\u00f3n asertiva e integral a pijy, como es la solicitar los videos y audios de la comparecencia con fecha del 20 de septiembre donde se suplant\u00f3 su identidad, ni han solicitado que las audiencias sean con un juez distinto.<\/p>\n\n\n\n<p>La negativa, apuntaron, es para evitar revelar el nivel de negligencia o corrupci\u00f3n de las instituciones involucradas.<\/p>\n\n\n\n<p>\u201cPijy\u201d demand\u00f3 la suspensi\u00f3n de sus funciones tanto de Morales Sim\u00f3n como de Fierros Z\u00e1rate, de continuar su caso en la misma jurisdicci\u00f3n; acci\u00f3n penal inmediata contra Karla N y quienes resulten responsables del delito de suplantaci\u00f3n de identidad.<\/p>\n\n\n\n<p>As\u00ed como un posicionamiento p\u00fablico, reparaci\u00f3n del da\u00f1o, disculpas p\u00fablicas y garant\u00edas de no repetici\u00f3n de parte de la Fiscal\u00eda General del Estado de Oaxaca y del Poder Judicial del Estado de Oaxaca y una investigaci\u00f3n profunda de la Comisi\u00f3n Nacional de Derechos Humanos y la oficina del alto comisionado de la ONU y de ONU-Mujeres.<\/p>\n","protected":false},"excerpt":{"rendered":"<p>Yuridiana Sosa\/Zona Roja.&nbsp; Oaxaca de Ju\u00e1rez, Oax., 24 de octubre de 2022.- El responsable de&hellip;<\/p>\n","protected":false},"author":2,"featured_media":47238,"comment_status":"closed","ping_status":"open","sticky":false,"template":"","format":"standard","meta":{"_lmt_disableupdate":"","_lmt_disable":"","_jetpack_memberships_contains_paid_content":false,"footnotes":""},"categories":[109,47],"tags":[],"class_list":["post-47239","post","type-post","status-publish","format-standard","has-post-thumbnail","hentry","category-minuto-a-minuto","category-zona-gris"],"jetpack_featured_media_url":"https:\/\/zonaroja.com.mx\/wp-content\/uploads\/2022\/10\/14551cca-1347-428e-9600-b637f45a88c5.jpg","jetpack_sharing_enabled":true,"_links":{"self":[{"href":"https:\/\/zonaroja.com.mx\/index.php?rest_route=\/wp\/v2\/posts\/47239","targetHints":{"allow":["GET"]}}],"collection":[{"href":"https:\/\/zonaroja.com.mx\/index.php?rest_route=\/wp\/v2\/posts"}],"about":[{"href":"https:\/\/zonaroja.com.mx\/index.php?rest_route=\/wp\/v2\/types\/post"}],"author":[{"embeddable":true,"href":"https:\/\/zonaroja.com.mx\/index.php?rest_route=\/wp\/v2\/users\/2"}],"replies":[{"embeddable":true,"href":"https:\/\/zonaroja.com.mx\/index.php?rest_route=%2Fwp%2Fv2%2Fcomments&post=47239"}],"version-history":[{"count":1,"href":"https:\/\/zonaroja.com.mx\/index.php?rest_route=\/wp\/v2\/posts\/47239\/revisions"}],"predecessor-version":[{"id":47240,"href":"https:\/\/zonaroja.com.mx\/index.php?rest_route=\/wp\/v2\/posts\/47239\/revisions\/47240"}],"wp:featuredmedia":[{"embeddable":true,"href":"https:\/\/zonaroja.com.mx\/index.php?rest_route=\/wp\/v2\/media\/47238"}],"wp:attachment":[{"href":"https:\/\/zonaroja.com.mx\/index.php?rest_route=%2Fwp%2Fv2%2Fmedia&parent=47239"}],"wp:term":[{"taxonomy":"category","embeddable":true,"href":"https:\/\/zonaroja.com.mx\/index.php?rest_route=%2Fwp%2Fv2%2Fcategories&post=47239"},{"taxonomy":"post_tag","embeddable":true,"href":"https:\/\/zonaroja.com.mx\/index.php?rest_route=%2Fwp%2Fv2%2Ftags&post=47239"}],"curies":[{"name":"wp","href":"https:\/\/api.w.org\/{rel}","templated":true}]}}