{"id":47241,"date":"2022-10-24T15:02:09","date_gmt":"2022-10-24T20:02:09","guid":{"rendered":"http:\/\/www.zonaroja.com.mx\/?p=47241"},"modified":"2022-10-24T15:02:11","modified_gmt":"2022-10-24T20:02:11","slug":"logra-fiscalia-sentencia-de-6-anos-de-prision-contra-homicida","status":"publish","type":"post","link":"https:\/\/zonaroja.com.mx\/?p=47241","title":{"rendered":"Logra Fiscal\u00eda sentencia de 6 a\u00f1os de prisi\u00f3n contra homicida"},"content":{"rendered":"\n<p>Redacci\u00f3n\/Zona Roja.&nbsp;<\/p>\n\n\n\n<p>Oaxaca de Ju\u00e1rez, Oax., 24 de octubre de 2022.- La Fiscal\u00eda General del Estado de Oaxaca (FGEO) obtuvo, del Juzgado Segundo Mixto, sentencia condenatoria de seis a\u00f1os de prisi\u00f3n contra la persona del sexo masculino identificada como J. R. R., responsable del delito de homicidio en ri\u00f1a, en agravio de quien en vida respondi\u00f3 al nombre de S. M. C., cometido en jurisdicci\u00f3n de San Gabriel Mixtepec, distrito de Juquila, en la regi\u00f3n de la Costa.<\/p>\n\n\n\n<p>De acuerdo con la averiguaci\u00f3n previa 74(SRN)\/2011, el 11 de agosto de 2011, el responsable priv\u00f3 de la vida a la v\u00edctima con disparos de arma de fuego (escopeta), cuando se encontraban en inmediaciones de la localidad de Santa Mar\u00eda, en el referido municipio.<\/p>\n\n\n\n<p>Las investigaciones y pruebas aportadas por la Vicefiscal\u00eda Regional de la Costa, permitieron que el Juzgado Segundo Mixto de Primera Instancia con sede en Puerto Escondido dictara sentencia condenatoria de 6 a\u00f1os de prisi\u00f3n contra J. R. R., y orden\u00f3 el pago de reparaci\u00f3n del da\u00f1o.<\/p>\n\n\n\n<p>CONTRA AGRESOR SEXUAL<\/p>\n\n\n\n<p>En otro caso, la Fiscal\u00eda General del Estado obtuvo fallo condenatorio contra la persona del sexo masculino identificada como S. C. J., responsable del delito de violaci\u00f3n equiparada en agravio de una adolescente -de identidad reservada por ley-, cometido en jurisdicci\u00f3n de San Mateo Pi\u00f1as, distrito de Pochutla, en la regi\u00f3n de la Costa.<\/p>\n\n\n\n<p>De acuerdo con la causa penal 383\/2021, el 24 de enero de 2021, el imputado agredi\u00f3 de manera sexual a la v\u00edctima, en inmediaciones la rancher\u00eda Cerro de Le\u00f3n, perteneciente al referido municipio.<\/p>\n\n\n\n<p>Ante este hecho y gracias a los datos de prueba aportados por la Vicefiscal\u00eda Regional de la Costa, el Tribunal de Enjuiciamiento dict\u00f3 fallo condenatorio contra S. C. J., cuya lectura de sentencia se llevar\u00e1 a cabo en los pr\u00f3ximos d\u00edas.<\/p>\n\n\n\n<p>La defensa de mujeres, ni\u00f1as, ni\u00f1os y adolescentes representa un compromiso ineludible para la Fiscal\u00eda de Oaxaca, garantizando todo el rigor de la Ley a quienes resulten responsables.<\/p>\n","protected":false},"excerpt":{"rendered":"<p>Redacci\u00f3n\/Zona Roja.&nbsp; Oaxaca de Ju\u00e1rez, Oax., 24 de octubre de 2022.- La Fiscal\u00eda General del&hellip;<\/p>\n","protected":false},"author":2,"featured_media":44846,"comment_status":"closed","ping_status":"open","sticky":false,"template":"","format":"standard","meta":{"_lmt_disableupdate":"","_lmt_disable":"","_jetpack_memberships_contains_paid_content":false,"footnotes":""},"categories":[109,46],"tags":[494],"class_list":["post-47241","post","type-post","status-publish","format-standard","has-post-thumbnail","hentry","category-minuto-a-minuto","category-zona-blanca","tag-fiscalia-general-del-estado-de-oaxaca"],"jetpack_featured_media_url":"https:\/\/zonaroja.com.mx\/wp-content\/uploads\/2022\/08\/Preso-detenido-carcel-prision.png","jetpack_sharing_enabled":true,"_links":{"self":[{"href":"https:\/\/zonaroja.com.mx\/index.php?rest_route=\/wp\/v2\/posts\/47241","targetHints":{"allow":["GET"]}}],"collection":[{"href":"https:\/\/zonaroja.com.mx\/index.php?rest_route=\/wp\/v2\/posts"}],"about":[{"href":"https:\/\/zonaroja.com.mx\/index.php?rest_route=\/wp\/v2\/types\/post"}],"author":[{"embeddable":true,"href":"https:\/\/zonaroja.com.mx\/index.php?rest_route=\/wp\/v2\/users\/2"}],"replies":[{"embeddable":true,"href":"https:\/\/zonaroja.com.mx\/index.php?rest_route=%2Fwp%2Fv2%2Fcomments&post=47241"}],"version-history":[{"count":1,"href":"https:\/\/zonaroja.com.mx\/index.php?rest_route=\/wp\/v2\/posts\/47241\/revisions"}],"predecessor-version":[{"id":47242,"href":"https:\/\/zonaroja.com.mx\/index.php?rest_route=\/wp\/v2\/posts\/47241\/revisions\/47242"}],"wp:featuredmedia":[{"embeddable":true,"href":"https:\/\/zonaroja.com.mx\/index.php?rest_route=\/wp\/v2\/media\/44846"}],"wp:attachment":[{"href":"https:\/\/zonaroja.com.mx\/index.php?rest_route=%2Fwp%2Fv2%2Fmedia&parent=47241"}],"wp:term":[{"taxonomy":"category","embeddable":true,"href":"https:\/\/zonaroja.com.mx\/index.php?rest_route=%2Fwp%2Fv2%2Fcategories&post=47241"},{"taxonomy":"post_tag","embeddable":true,"href":"https:\/\/zonaroja.com.mx\/index.php?rest_route=%2Fwp%2Fv2%2Ftags&post=47241"}],"curies":[{"name":"wp","href":"https:\/\/api.w.org\/{rel}","templated":true}]}}