{"id":47249,"date":"2022-10-24T20:42:31","date_gmt":"2022-10-25T01:42:31","guid":{"rendered":"http:\/\/www.zonaroja.com.mx\/?p=47249"},"modified":"2022-10-24T20:42:33","modified_gmt":"2022-10-25T01:42:33","slug":"basura-llega-al-andador-turistico-y-neri-involucra-a-empleados-de-confianza","status":"publish","type":"post","link":"https:\/\/zonaroja.com.mx\/?p=47249","title":{"rendered":"Basura llega al Andador Tur\u00edstico\u2026 Y Neri involucra a empleados de confianza"},"content":{"rendered":"\n<p>Yuridiana Sosa\/Zona Roja.<\/p>\n\n\n\n<p>Oaxaca de Ju\u00e1rez, Oax., 24 de octubre de 2024.- Los montones de basura ya llegaron al Andador Tur\u00edstico de la capital de Oaxaca.<\/p>\n\n\n\n<p>Montones de desechos fueron vertidos este mediod\u00eda en una esquina del templo Sangre de Cristo, en Alcal\u00e1 y M. Bravo, mientras que a la mitad de ese paso peatonal hab\u00eda m\u00e1s bolsas.<\/p>\n\n\n\n<p>En tanto, el edil Francisco Mart\u00ednez Neri opt\u00f3 por poner a los empleados de confianza del ayuntamiento a apoyar en las tareas de concientizar a la poblaci\u00f3n a la separaci\u00f3n de basura.<\/p>\n\n\n\n<p>De la bella Verde antequera queda el recuerdo frente a montones de basura; lejos est\u00e1 de la meta de una \u201cciudad educadora\u201d con la que so\u00f1aba el edil capitalino surgido del Partido Morena.<\/p>\n\n\n\n<p>El cierre del basurero municipal en Villa de Zaachila, el pasado 8 de octubre, frustr\u00f3 dicho proyecto para el primer a\u00f1o de gobierno, aunque la clausura no fue ni repentina, ni sorpresiva; se ve\u00eda venir desde hace varios a\u00f1os, meses; se plane\u00f3, se reprogram\u00f3, la fecha lleg\u00f3 y se cumpli\u00f3. La bomba estall\u00f3.<\/p>\n\n\n\n<p>Basura revuelta en bolsas de nylon que casi siempre son rotas o abiertas por los perros callejeros o personas en situaci\u00f3n de calle.&nbsp;<\/p>\n\n\n\n<p>La separaci\u00f3n ordenada de la basura no es posible frente a un obsoleto sistema de recolecci\u00f3n, en el que al final la ciudadan\u00eda que logra cumplir ha denunciado que es vano.<\/p>\n\n\n\n<figure class=\"wp-block-embed is-type-rich is-provider-twitter wp-block-embed-twitter\"><div class=\"wp-block-embed__wrapper\">\n<div class=\"twitter-tweet\"><blockquote class=\"twitter-tweet\" data-lang=\"es\"><p lang=\"es\" dir=\"ltr\"><a href=\"https:\/\/twitter.com\/hashtag\/%C3%9AltimoMinuto?src=hash&amp;ref_src=twsrc%5Etfw\">#\u00daltimoMinuto<\/a> <br>Un muladar, en el Andador Tur\u00edstico del Centro Hist\u00f3rico de <a href=\"https:\/\/twitter.com\/hashtag\/Oaxaca?src=hash&amp;ref_src=twsrc%5Etfw\">#Oaxaca<\/a> capital. <br>Terrible situaci\u00f3n por <a href=\"https:\/\/twitter.com\/hashtag\/CrisisDeLaBasura?src=hash&amp;ref_src=twsrc%5Etfw\">#CrisisDeLaBasura<\/a> y hasta ahora el edil del <a href=\"https:\/\/twitter.com\/MunicipioOaxaca?ref_src=twsrc%5Etfw\">@MunicipioOaxaca<\/a>, <a href=\"https:\/\/twitter.com\/FMartinezNeri?ref_src=twsrc%5Etfw\">@FMartinezNeri<\/a>, no ha hecho nada para evitar desechos en v\u00eda p\u00fablica. <a href=\"https:\/\/t.co\/NzD389l2Wm\">pic.twitter.com\/NzD389l2Wm<\/a><\/p>&mdash; Zona Roja Oaxaca (@ZonaRoja_Oaxaca) <a href=\"https:\/\/twitter.com\/ZonaRoja_Oaxaca\/status\/1584619294507159552?ref_src=twsrc%5Etfw\">24 de octubre de 2022<\/a><\/blockquote><\/div>\n<\/div><\/figure>\n\n\n\n<p>De a poco el Centro Hist\u00f3rico se fue inundando de basura, de un f\u00e9tido olor; casi ning\u00fan espacio se salva de ser punto de basura, que ni la propia capilla de Sangre de Cristo se libra.<\/p>\n\n\n\n<p>Los peatones en la zona hist\u00f3rica sortean los derechos que se encuentran a lo largo del andador&nbsp; Macedonio Alcal\u00e1.<\/p>\n\n\n\n<p>Las multas de hasta m\u00e1s de nueve mil pesos contra quien sea sorprendido tirando basura dejaron de ser una amenaza; cualquiera, a cualquier hora del d\u00eda, arroja los desechos en la v\u00eda p\u00fablica.<\/p>\n\n\n\n<p>Pero el punto m\u00e1s cr\u00edtico se ubica a lo largo del perif\u00e9rico, en inmediaci\u00f3n de la Central de Abasto.<\/p>\n\n\n\n<p>Los mont\u00edculos de desechos, y olores, ya forman parte de la escena urbana cotidiana, a la que se adapta la propia sociedad.<\/p>\n\n\n\n<p>Para los ciudadanos en situaci\u00f3n de calle el nuevo vertedero en v\u00eda p\u00fablica es un nuevo mundo por explorar, ya sea para la pepena o como dormitorio, o \u00e1rea recreativa.<\/p>\n\n\n\n<p>Son varios metros de camell\u00f3n los que se encuentran colmados de basura, lo que al mismo tiempo ya despert\u00f3 el enojo de los vecinos de esa zona comercial, pues las enfermedades y plagas de fauna nociva est\u00e1n a la puerta de sus casas.<\/p>\n\n\n\n<p>Es el caso de los colonos de la Art\u00edculo 123, que colindan con la calle de Galeana y en la que un peque\u00f1o tiradero crece a diario, y los puestos de comida o bebidas permanecen.<\/p>\n\n\n\n<p>Ante esa situaci\u00f3n, los vecinos no descartan una nueva protesta contra el ayuntamiento que dirige Mart\u00ednez Neri por la incapacidad para resolver el problema de la basura, de conseguir un terreno que habilite como nuevo relleno sanitario.<\/p>\n\n\n\n<figure class=\"wp-block-embed is-type-rich is-provider-twitter wp-block-embed-twitter\"><div class=\"wp-block-embed__wrapper\">\n<div class=\"twitter-tweet\"><blockquote class=\"twitter-tweet\" data-lang=\"es\"><p lang=\"es\" dir=\"ltr\">Otros montones de basura est\u00e1n sobre la cinta asf\u00e1ltica en el Perif\u00e9rico de la capital oaxaque\u00f1a, a la altura de la Prolongaci\u00f3n de Galeana.<br>Vecinos de la colonia Art\u00edculo 123 se organizan para protestar de nuevo contra el edil del <a href=\"https:\/\/twitter.com\/MunicipioOaxaca?ref_src=twsrc%5Etfw\">@MunicipioOaxaca<\/a>, <a href=\"https:\/\/twitter.com\/FMartinezNeri?ref_src=twsrc%5Etfw\">@FMartinezNeri<\/a>. <a href=\"https:\/\/t.co\/YqXb7fBh14\">pic.twitter.com\/YqXb7fBh14<\/a><\/p>&mdash; Zona Roja Oaxaca (@ZonaRoja_Oaxaca) <a href=\"https:\/\/twitter.com\/ZonaRoja_Oaxaca\/status\/1584661573809102848?ref_src=twsrc%5Etfw\">24 de octubre de 2022<\/a><\/blockquote><\/div>\n<\/div><\/figure>\n","protected":false},"excerpt":{"rendered":"<p>Yuridiana Sosa\/Zona Roja. Oaxaca de Ju\u00e1rez, Oax., 24 de octubre de 2024.- Los montones de&hellip;<\/p>\n","protected":false},"author":2,"featured_media":47250,"comment_status":"closed","ping_status":"open","sticky":false,"template":"","format":"standard","meta":{"_lmt_disableupdate":"","_lmt_disable":"","_jetpack_memberships_contains_paid_content":false,"footnotes":""},"categories":[109,47],"tags":[148],"class_list":["post-47249","post","type-post","status-publish","format-standard","has-post-thumbnail","hentry","category-minuto-a-minuto","category-zona-gris","tag-oaxaca-de-juarez"],"jetpack_featured_media_url":"https:\/\/zonaroja.com.mx\/wp-content\/uploads\/2022\/10\/Basura-Centro-Historico-Oaxaca.jpg","jetpack_sharing_enabled":true,"_links":{"self":[{"href":"https:\/\/zonaroja.com.mx\/index.php?rest_route=\/wp\/v2\/posts\/47249","targetHints":{"allow":["GET"]}}],"collection":[{"href":"https:\/\/zonaroja.com.mx\/index.php?rest_route=\/wp\/v2\/posts"}],"about":[{"href":"https:\/\/zonaroja.com.mx\/index.php?rest_route=\/wp\/v2\/types\/post"}],"author":[{"embeddable":true,"href":"https:\/\/zonaroja.com.mx\/index.php?rest_route=\/wp\/v2\/users\/2"}],"replies":[{"embeddable":true,"href":"https:\/\/zonaroja.com.mx\/index.php?rest_route=%2Fwp%2Fv2%2Fcomments&post=47249"}],"version-history":[{"count":1,"href":"https:\/\/zonaroja.com.mx\/index.php?rest_route=\/wp\/v2\/posts\/47249\/revisions"}],"predecessor-version":[{"id":47251,"href":"https:\/\/zonaroja.com.mx\/index.php?rest_route=\/wp\/v2\/posts\/47249\/revisions\/47251"}],"wp:featuredmedia":[{"embeddable":true,"href":"https:\/\/zonaroja.com.mx\/index.php?rest_route=\/wp\/v2\/media\/47250"}],"wp:attachment":[{"href":"https:\/\/zonaroja.com.mx\/index.php?rest_route=%2Fwp%2Fv2%2Fmedia&parent=47249"}],"wp:term":[{"taxonomy":"category","embeddable":true,"href":"https:\/\/zonaroja.com.mx\/index.php?rest_route=%2Fwp%2Fv2%2Fcategories&post=47249"},{"taxonomy":"post_tag","embeddable":true,"href":"https:\/\/zonaroja.com.mx\/index.php?rest_route=%2Fwp%2Fv2%2Ftags&post=47249"}],"curies":[{"name":"wp","href":"https:\/\/api.w.org\/{rel}","templated":true}]}}