{"id":47252,"date":"2022-10-24T21:38:49","date_gmt":"2022-10-25T02:38:49","guid":{"rendered":"http:\/\/www.zonaroja.com.mx\/?p=47252"},"modified":"2022-10-24T21:38:50","modified_gmt":"2022-10-25T02:38:50","slug":"jueza-otorga-suspension-definitiva-a-pase-de-la-guardia-nacional-a-sedena","status":"publish","type":"post","link":"https:\/\/zonaroja.com.mx\/?p=47252","title":{"rendered":"Jueza otorga suspensi\u00f3n definitiva a pase de la Guardia Nacional a Sedena"},"content":{"rendered":"\n<p>Redacci\u00f3n\/Zona Roja Cdmx.<\/p>\n\n\n\n<p>Ciudad de M\u00e9xico, a 24 de octubre de 2022.- La Juez Noveno de Distrito en el estado de Guanajuato, Karla Mar\u00eda Mac\u00edas Lovera, concedi\u00f3 este lunes la suspensi\u00f3n definitiva que frena la transferencia de la Guardia Nacional a la Secretar\u00eda de la Defensa Nacional (Sedena), y dejarla por ahora bajo el mando de la Secretar\u00eda de Seguridad y Protecci\u00f3n Ciudadana (SSPC).<\/p>\n\n\n\n<p>\u201c\u00danico. Se concede la suspensi\u00f3n definitiva. Sin necesidad de otorgar garant\u00eda\u201d, determin\u00f3 la juez al amparo iniciado por \u00c1ngel Castro G\u00f3mez, representante de la organizaci\u00f3n Uniendo Caminos M\u00e9xico.<\/p>\n\n\n\n<p>De esa forma, a pesar de que la semana pasada un tribunal revoc\u00f3 la suspensi\u00f3n provisional que otorg\u00f3 inicialmente la juez Mac\u00edas, la juzgadora otorg\u00f3 este lunes la suspensi\u00f3n definitiva.<\/p>\n\n\n\n<p>La semana pasada el Segundo Tribunal Colegiado en Materia Administrativa en Guanajuato revoc\u00f3 la suspensi\u00f3n temporal que hab\u00eda otorgado la jueza el pasado 10 de octubre para frenar la transferencia administrativa y operativa de la Guardia Nacional a la Sedena.<\/p>\n\n\n\n<p>Esto previo a que a Fiscal\u00eda General de la Rep\u00fablica (FGR) interpuso una queja contra la suspensi\u00f3n provisional que otorg\u00f3 la misma Juez Noveno de Distrito en el Estado de Guanajuato.<\/p>\n\n\n\n<p>El magistrado Gerardo Mendoza argument\u00f3 adem\u00e1s que el recurso de amparo iniciado por Castro G\u00f3mez era improcedente porque no demostr\u00f3 tener un inter\u00e9s jur\u00eddico o leg\u00edtimo en el acto administrativo aprobado por legisladores de Morena y aliados en el Congreso de la Uni\u00f3n.<\/p>\n\n\n\n<p>De esa forma, el Segundo Tribunal Colegiado neg\u00f3 a Castro G\u00f3mez el derecho de interponer un recurso de amparo contra el ordenamiento de transferencia de la Guardia Nacional a la Sedena.<\/p>\n\n\n\n<p>Cabe destacar que otras organizaciones como Fuerza Ciudadana Uniendo Caminos M\u00e9xico, Uni\u00f3n C\u00edvica 1 pa\u00eds, la firma jur\u00eddica AC&amp;AC Asociados y Tojil Eeek han promovido hasta 53 amparos m\u00e1s en contra de dicho ordenamiento.<\/p>\n\n\n\n<p>(Informaci\u00f3n de \u201cEl Economista\u201d)<\/p>\n","protected":false},"excerpt":{"rendered":"<p>Redacci\u00f3n\/Zona Roja Cdmx. Ciudad de M\u00e9xico, a 24 de octubre de 2022.- La Juez Noveno&hellip;<\/p>\n","protected":false},"author":2,"featured_media":44297,"comment_status":"closed","ping_status":"open","sticky":false,"template":"","format":"standard","meta":{"_lmt_disableupdate":"","_lmt_disable":"","_jetpack_memberships_contains_paid_content":false,"footnotes":""},"categories":[109,47],"tags":[278],"class_list":["post-47252","post","type-post","status-publish","format-standard","has-post-thumbnail","hentry","category-minuto-a-minuto","category-zona-gris","tag-guardia-nacional"],"jetpack_featured_media_url":"https:\/\/zonaroja.com.mx\/wp-content\/uploads\/2022\/08\/Guardia-Nacional-Mexico.jpg","jetpack_sharing_enabled":true,"_links":{"self":[{"href":"https:\/\/zonaroja.com.mx\/index.php?rest_route=\/wp\/v2\/posts\/47252","targetHints":{"allow":["GET"]}}],"collection":[{"href":"https:\/\/zonaroja.com.mx\/index.php?rest_route=\/wp\/v2\/posts"}],"about":[{"href":"https:\/\/zonaroja.com.mx\/index.php?rest_route=\/wp\/v2\/types\/post"}],"author":[{"embeddable":true,"href":"https:\/\/zonaroja.com.mx\/index.php?rest_route=\/wp\/v2\/users\/2"}],"replies":[{"embeddable":true,"href":"https:\/\/zonaroja.com.mx\/index.php?rest_route=%2Fwp%2Fv2%2Fcomments&post=47252"}],"version-history":[{"count":1,"href":"https:\/\/zonaroja.com.mx\/index.php?rest_route=\/wp\/v2\/posts\/47252\/revisions"}],"predecessor-version":[{"id":47253,"href":"https:\/\/zonaroja.com.mx\/index.php?rest_route=\/wp\/v2\/posts\/47252\/revisions\/47253"}],"wp:featuredmedia":[{"embeddable":true,"href":"https:\/\/zonaroja.com.mx\/index.php?rest_route=\/wp\/v2\/media\/44297"}],"wp:attachment":[{"href":"https:\/\/zonaroja.com.mx\/index.php?rest_route=%2Fwp%2Fv2%2Fmedia&parent=47252"}],"wp:term":[{"taxonomy":"category","embeddable":true,"href":"https:\/\/zonaroja.com.mx\/index.php?rest_route=%2Fwp%2Fv2%2Fcategories&post=47252"},{"taxonomy":"post_tag","embeddable":true,"href":"https:\/\/zonaroja.com.mx\/index.php?rest_route=%2Fwp%2Fv2%2Ftags&post=47252"}],"curies":[{"name":"wp","href":"https:\/\/api.w.org\/{rel}","templated":true}]}}