{"id":47257,"date":"2022-10-25T07:04:17","date_gmt":"2022-10-25T12:04:17","guid":{"rendered":"http:\/\/www.zonaroja.com.mx\/?p=47257"},"modified":"2022-10-25T07:04:18","modified_gmt":"2022-10-25T12:04:18","slug":"participa-poder-judicial-de-oaxaca-en-asamblea-plenaria-de-tribunales-de-justicia","status":"publish","type":"post","link":"https:\/\/zonaroja.com.mx\/?p=47257","title":{"rendered":"Participa Poder Judicial de Oaxaca en Asamblea Plenaria de Tribunales de Justicia"},"content":{"rendered":"\n<p>Redacci\u00f3n\/Zona Roja.<\/p>\n\n\n\n<p>Oaxaca de Ju\u00e1rez, Oax., a 25 de octubre de 2022.- El titular del Poder Judicial de Oaxaca, magistrado Eduardo Pinacho S\u00e1nchez,&nbsp;asisti\u00f3 a la Cuarta Asamblea Plenaria Ordinaria 2022 de la Comisi\u00f3n Nacional de Tribunales Superiores de Justicia de los Estados Unidos Mexicanos (Conatrib),organismo en el que funge como&nbsp;vicepresidente de la Regi\u00f3n Sur,y la cual&nbsp;tuvo como sede&nbsp;el&nbsp;estado de&nbsp;Guerrero.<\/p>\n\n\n\n<p>Presidentes de los 32 Poderes Judiciales de M\u00e9xico&nbsp;dieron seguimiento a&nbsp;diversos temas como&nbsp;los proyectos en conjunto con&nbsp;la Oficina de las Naciones Unidas contra la Droga y el Delito (UNODC), una exposici\u00f3n con relaci\u00f3n al impacto del art\u00edculo 30 de la Ley General de los Derechos de los Ni\u00f1os, Ni\u00f1as y Adolescentes, as\u00ed como la presentaci\u00f3n de informes&nbsp;de labores, entre otros.<\/p>\n\n\n\n<p>En el marco de estos trabajos,&nbsp;el magistrado Pinacho S\u00e1nchez&nbsp;refrend\u00f3 la disposici\u00f3n de su administraci\u00f3n de&nbsp;trabajar conjuntamente en prop\u00f3sitos que demandan un esfuerzo colectivo, incluyente y constante para generar las estrategias necesarias que consoliden una justicia con visi\u00f3n humana, perspectiva ind\u00edgena y de g\u00e9nero, as\u00ed como acorde a los retos de los nuevos tiempos.<\/p>\n\n\n\n<p>Durante la ceremonia inaugural,&nbsp;el&nbsp;magistrado Rafael Guerra \u00c1lvarez, presidente del Tribunal Superior de Justicia de la Ciudad de M\u00e9xico y&nbsp;de la&nbsp;Conatrib, se\u00f1al\u00f3 que el prop\u00f3sito de&nbsp;las Asambleas&nbsp;es&nbsp;revisar y proponer estrategias para hacer frente a&nbsp;los desaf\u00edos de la impartici\u00f3n de justicia, en una colaboraci\u00f3n institucional.<\/p>\n\n\n\n<p>Al acto asisti\u00f3 como representante de la Gobernadora Constitucional del Estado&nbsp;de Guerrero, el Secretario de Contralor\u00eda y Transparencia Gubernamental,&nbsp;Eduardo Gerardo&nbsp;Lor\u00eda&nbsp;Casanova, quien agradeci\u00f3 a los integrantes de la Conatrib que hayan&nbsp;designado&nbsp;Acapulco, para realizar su Asamblea Nacional y el que tengan como \u201cprop\u00f3sito fundamental la impartici\u00f3n de justicia, cuyo fin es la&nbsp;paz social y la gobernabilidad\u201d.<\/p>\n\n\n\n<p>De igual forma aval\u00f3 los prop\u00f3sitos que impulsan a la Conatrib, en el sentido de fomentar los v\u00ednculos de coordinaci\u00f3n institucional para mejorar cada d\u00eda la impartici\u00f3n de justicia.<\/p>\n","protected":false},"excerpt":{"rendered":"<p>Redacci\u00f3n\/Zona Roja. Oaxaca de Ju\u00e1rez, Oax., a 25 de octubre de 2022.- El titular del&hellip;<\/p>\n","protected":false},"author":2,"featured_media":47258,"comment_status":"closed","ping_status":"open","sticky":false,"template":"","format":"standard","meta":{"_lmt_disableupdate":"","_lmt_disable":"","_jetpack_memberships_contains_paid_content":false,"footnotes":""},"categories":[109,46],"tags":[223],"class_list":["post-47257","post","type-post","status-publish","format-standard","has-post-thumbnail","hentry","category-minuto-a-minuto","category-zona-blanca","tag-poder-judicial-de-oaxaca"],"jetpack_featured_media_url":"https:\/\/zonaroja.com.mx\/wp-content\/uploads\/2022\/10\/El-magistrado-Eduardo-Pinacho-participo-en-los-trabajos.jpg","jetpack_sharing_enabled":true,"_links":{"self":[{"href":"https:\/\/zonaroja.com.mx\/index.php?rest_route=\/wp\/v2\/posts\/47257","targetHints":{"allow":["GET"]}}],"collection":[{"href":"https:\/\/zonaroja.com.mx\/index.php?rest_route=\/wp\/v2\/posts"}],"about":[{"href":"https:\/\/zonaroja.com.mx\/index.php?rest_route=\/wp\/v2\/types\/post"}],"author":[{"embeddable":true,"href":"https:\/\/zonaroja.com.mx\/index.php?rest_route=\/wp\/v2\/users\/2"}],"replies":[{"embeddable":true,"href":"https:\/\/zonaroja.com.mx\/index.php?rest_route=%2Fwp%2Fv2%2Fcomments&post=47257"}],"version-history":[{"count":1,"href":"https:\/\/zonaroja.com.mx\/index.php?rest_route=\/wp\/v2\/posts\/47257\/revisions"}],"predecessor-version":[{"id":47259,"href":"https:\/\/zonaroja.com.mx\/index.php?rest_route=\/wp\/v2\/posts\/47257\/revisions\/47259"}],"wp:featuredmedia":[{"embeddable":true,"href":"https:\/\/zonaroja.com.mx\/index.php?rest_route=\/wp\/v2\/media\/47258"}],"wp:attachment":[{"href":"https:\/\/zonaroja.com.mx\/index.php?rest_route=%2Fwp%2Fv2%2Fmedia&parent=47257"}],"wp:term":[{"taxonomy":"category","embeddable":true,"href":"https:\/\/zonaroja.com.mx\/index.php?rest_route=%2Fwp%2Fv2%2Fcategories&post=47257"},{"taxonomy":"post_tag","embeddable":true,"href":"https:\/\/zonaroja.com.mx\/index.php?rest_route=%2Fwp%2Fv2%2Ftags&post=47257"}],"curies":[{"name":"wp","href":"https:\/\/api.w.org\/{rel}","templated":true}]}}