{"id":47263,"date":"2022-10-25T10:13:00","date_gmt":"2022-10-25T15:13:00","guid":{"rendered":"http:\/\/www.zonaroja.com.mx\/?p=47263"},"modified":"2022-10-25T08:20:58","modified_gmt":"2022-10-25T13:20:58","slug":"cumple-un-ano-violencia-y-desplazamiento-en-comunidades-de-atatlahuca","status":"publish","type":"post","link":"https:\/\/zonaroja.com.mx\/?p=47263","title":{"rendered":"Cumple un a\u00f1o violencia y desplazamiento en comunidades de Atatlahuca"},"content":{"rendered":"\n<p>Redacci\u00f3n\/Zona Roja.<\/p>\n\n\n\n<p>Oaxaca de Ju\u00e1rez, Oax., a 25 de octubre de 2022.- Con una marcha, habitantes de Guerrero Grande, &nbsp;San Esteban Atatlahuca, conmemoraron el pasado s\u00e1bado un a\u00f1o de la violencia y desplazamiento de pobladores.<\/p>\n\n\n\n<p>Una actividad similar se efectu\u00f3 en la Heroica Ciudad de Tlaxiaco, por parte de pobladores de Ndoyonoyuji.<\/p>\n\n\n\n<p>Fue el 1 de octubre del 2021, aproximadamente a las cinco de la ma\u00f1ana, en que se empezaron a escuchar cohetes en la comunidad&nbsp; de Guerrero Grande, y posteriormente detonaciones de arma de fuego.<\/p>\n\n\n\n<p>Un grupo armado ingres\u00f3 al paraje \u201cYucunucue\u201d en el cual&nbsp; intentaron quemar casas, y en el paraje denominado \u201cYu jito\u201d quemaron un aproximado de tres casas; en el marco de los ataques armados desapareci\u00f3 el se\u00f1or Jacinto Hern\u00e1ndez Quiroz y el su cuerpo sin vida con disparos de arma de fuego fue localizado el d\u00eda 3 de octubre.<\/p>\n\n\n\n<p>De acuerdo al recuento elaborado por el Centro de Derechos Humanos y Asesor\u00eda a Pueblos Ind\u00edgenas, el domingo 10 de octubre del 2021, aproximadamente a las cinco de la ma\u00f1ana el se\u00f1or Mayolo Quiroz Barrios sali\u00f3 de su domicilio ubicado en la comunidad de Mier y Ter\u00e1n, Atatlahuca, para dirigirse al paraje denominado \u201cLlano bajo\u201d ubicado en la misma comunidad para ir a ver a su ganado y desde ese d\u00eda ya no regreso a su domicilio, por lo cual sigue desaparecido.<\/p>\n\n\n\n<p>El d\u00eda jueves 21 de octubre del 2021, aproximadamente a las ocho de la noche un grupo de personas armadas empez\u00f3 a quemar las casas en la comunidad de Ndoyonoyuji; la agresi\u00f3n concluyo el d\u00eda viernes 22 de octubre del 2021 aproximadamente a las nueve de la ma\u00f1ana.&nbsp;<\/p>\n\n\n\n<p>En ello fueron quemadas casas de aproximadamente de 25 familias, que tuvieron que salir huyendo por el monte, refugi\u00e1ndose primero en comunidades aleda\u00f1as, en cuevas, y fue hasta el d\u00eda s\u00e1bado 23 de octubre del 2021, que lograron llegar a la Ciudad&nbsp; de Tlaxiaco, por lo que actualmente se encuentran en el Instituto Nacional de los Pueblos Ind\u00edgenas INPI para que se pudiera establecer un albergue de manera urgente, &nbsp;<\/p>\n\n\n\n<p>El d\u00eda viernes 22 de octubre del 2021, aproximadamente a las diez de la noche, un grupo de personas armadas, incendiaron casas de aproximadamente 72 familias de la comunidad de Guerrero Grande, por lo que muchos huyeron en la noche\u00a0 del d\u00eda viernes 22 de octubre y en la madrugada del d\u00eda s\u00e1bado 23 de octubre, refugi\u00e1ndose en comunidades vecinas.<\/p>\n\n\n\n<figure class=\"wp-block-image size-large\"><a href=\"http:\/\/www.zonaroja.com.mx\/wp-content\/uploads\/2022\/10\/Aniversario-Desplaz-y-hechos-Atatlahuca.jpeg\" data-rel=\"penci-gallery-image-content\" ><img decoding=\"async\" width=\"1024\" height=\"768\" src=\"http:\/\/www.zonaroja.com.mx\/wp-content\/uploads\/2022\/10\/Aniversario-Desplaz-y-hechos-Atatlahuca-1024x768.jpeg\" alt=\"\" class=\"wp-image-47264\" srcset=\"https:\/\/zonaroja.com.mx\/wp-content\/uploads\/2022\/10\/Aniversario-Desplaz-y-hechos-Atatlahuca-1024x768.jpeg 1024w, https:\/\/zonaroja.com.mx\/wp-content\/uploads\/2022\/10\/Aniversario-Desplaz-y-hechos-Atatlahuca-300x225.jpeg 300w, https:\/\/zonaroja.com.mx\/wp-content\/uploads\/2022\/10\/Aniversario-Desplaz-y-hechos-Atatlahuca-768x576.jpeg 768w, https:\/\/zonaroja.com.mx\/wp-content\/uploads\/2022\/10\/Aniversario-Desplaz-y-hechos-Atatlahuca-1536x1152.jpeg 1536w, https:\/\/zonaroja.com.mx\/wp-content\/uploads\/2022\/10\/Aniversario-Desplaz-y-hechos-Atatlahuca-1170x878.jpeg 1170w, https:\/\/zonaroja.com.mx\/wp-content\/uploads\/2022\/10\/Aniversario-Desplaz-y-hechos-Atatlahuca-585x439.jpeg 585w, https:\/\/zonaroja.com.mx\/wp-content\/uploads\/2022\/10\/Aniversario-Desplaz-y-hechos-Atatlahuca.jpeg 1600w\" sizes=\"(max-width: 1024px) 100vw, 1024px\" \/><\/a><\/figure>\n\n\n\n<p>Los ataques y el incendio de casas se incrementaron el d\u00eda s\u00e1bado 23 de octubre aproximadamente a las cinco de la tarde por lo que muchas familias se trasladaron a comunidades vecinas y a la ciudad de Tlaxiaco llegando el d\u00eda domingo 24 de octubre del 2021 al albergue del Instituto Nacional de los Pueblos Ind\u00edgenas.<\/p>\n\n\n\n<p>El Cedhapi inform\u00f3 que desde el 23 de octubre se encuentran desaparecidos&nbsp;los se\u00f1ores: Marco Quiroz Ria\u00f1o, de 54 a\u00f1os de edad; Miguel Bautista Avenda\u00f1o, 56 a\u00f1os de edad; Donato Bautista Avenda\u00f1o, de 48 a\u00f1os de edad; los tres de Guerrero Grande.<\/p>\n\n\n\n<p>Adem\u00e1s, el se\u00f1or Isidoro Hern\u00e1ndez originario y vecino de la comunidad de Mier y Ter\u00e1n, San Esteban Atatlahuca, de 49 a\u00f1os de edad.&nbsp;<\/p>\n\n\n\n<p>El d\u00eda 26 de octubre del 2021, aproximadamente a la una de la ma\u00f1ana en el paraje denominado \u201cShinito\u00f3\u201d perteneciente a la comunidad de Mier y Ter\u00e1n personal de la Fiscal\u00eda General del Estado de Oaxaca efectu\u00f3 el levantamiento del cad\u00e1ver del se\u00f1or Isidoro Hern\u00e1ndez de 49 a\u00f1os<\/p>\n\n\n\n<p>Por todos estos hechos, con fecha 23 de diciembre del 2021, la Comisi\u00f3n Interamericana de Derechos Humanos emiti\u00f3 medidas cautelares para proteger los derechos a la vida e integridad f\u00edsica de las familias ind\u00edgenas de las comunidades de Guerrero Grande y Ndoyonuyuji.<\/p>\n\n\n\n<p>Y con fecha 31 de diciembre del 2021, el Comit\u00e9 Contra la Desaparici\u00f3n Forzada de la ONU emiti\u00f3 acci\u00f3n urgente solicitando al estado mexicano la b\u00fasqueda inmediata de los se\u00f1ores Miguel Bautista Avenda\u00f1o, Donato Bautista Avenda\u00f1o, Marco Quiroz Ria\u00f1o, Mayolo Quiroz Barrios y de la se\u00f1ora Irma Galindo Barrios e investigaci\u00f3n de su alegada desaparici\u00f3n forzada.<\/p>\n\n\n\n<p>El d\u00eda 27 de octubre del 2021, desapareci\u00f3 la defensora del bosque Irma Galindo Barrios, de 41 a\u00f1os de edad originaria de la comunidad&nbsp; de Totoii, quien se hab\u00eda trasladado a la ciudad&nbsp; de M\u00e9xico para participar en una marcha.<\/p>\n\n\n\n<p>Mientras que el pasado 13 de enero de este a\u00f1o, en el paraje denominado \u201cLlano bajo\u201d en inmediaciones comunales de la comunidad de&nbsp; Mier y Ter\u00e1n, personal de la&nbsp; Vicefiscal\u00eda General de Atenci\u00f3n a V\u00edctimas y a la Sociedad a trav\u00e9s de la Unidad Especial en Desaparici\u00f3n Forzada de la Fiscal\u00eda General del Estado de Oaxaca, encontraron los restos de una persona del sexo masculino el cual se trataba del se\u00f1or Mayolo Quiroz Barrios.<\/p>\n\n\n\n<p>\u201cEl Gobierno del Estado de Oaxaca ha tenido una postura parcial en favor de las autoridades &nbsp;de San Esteban Atatlahuca\u201d, informaron Cedhapi as\u00ed como las v\u00edctimas.<\/p>\n\n\n\n<p>Detallaron que por todos estos hechos de desplazamiento forzado interno, casas quemadas, hasta la fecha no existe ninguna personas detenida,.<\/p>\n\n\n\n<p>Ante ello, las v\u00edctimas demandaron cumplimiento de las medidas cautelares otorgadas por la Comisi\u00f3n Interamericana de Derechos Humanos &nbsp;MC-1050-21.<\/p>\n\n\n\n<p>Cumplimiento de la Acci\u00f3n urgente emitida por el Comit\u00e9 Contra la Desaparici\u00f3n Forzada&nbsp;AU n\u00fam. 1456\/2021 a 1460\/2021.<\/p>\n\n\n\n<p>Investigaci\u00f3n y sanci\u00f3n a los delitos cometidos por la desaparici\u00f3n de Miguel Bautista Avenda\u00f1o, Donato Bautista Avenda\u00f1o, Marco Quiroz Ria\u00f1o e Irma Galindo Barrios, as\u00ed como homicidios de Jacinto Hern\u00e1ndez Quiroz, Isidoro Hern\u00e1ndez y Mayolo Quiroz Barrios y &nbsp;m\u00e1s de 100 casas quemadas de habitantes de las comunidades de Ndoyonoyuji y Guerrero Grande.<\/p>\n\n\n\n<p>El comunicado lo firman, adem\u00e1s de Cedhapi, Sebastiana Paz Bautista, representante&nbsp; de las personas desplazadas.<\/p>\n","protected":false},"excerpt":{"rendered":"<p>Redacci\u00f3n\/Zona Roja. Oaxaca de Ju\u00e1rez, Oax., a 25 de octubre de 2022.- Con una marcha,&hellip;<\/p>\n","protected":false},"author":2,"featured_media":47265,"comment_status":"closed","ping_status":"open","sticky":false,"template":"","format":"standard","meta":{"_lmt_disableupdate":"","_lmt_disable":"","_jetpack_memberships_contains_paid_content":false,"footnotes":""},"categories":[109,47],"tags":[1025],"class_list":["post-47263","post","type-post","status-publish","format-standard","has-post-thumbnail","hentry","category-minuto-a-minuto","category-zona-gris","tag-san-esteban-atatlahuca"],"jetpack_featured_media_url":"https:\/\/zonaroja.com.mx\/wp-content\/uploads\/2022\/10\/Aniversario-Desplazamiento-Atatlahuca.jpg","jetpack_sharing_enabled":true,"_links":{"self":[{"href":"https:\/\/zonaroja.com.mx\/index.php?rest_route=\/wp\/v2\/posts\/47263","targetHints":{"allow":["GET"]}}],"collection":[{"href":"https:\/\/zonaroja.com.mx\/index.php?rest_route=\/wp\/v2\/posts"}],"about":[{"href":"https:\/\/zonaroja.com.mx\/index.php?rest_route=\/wp\/v2\/types\/post"}],"author":[{"embeddable":true,"href":"https:\/\/zonaroja.com.mx\/index.php?rest_route=\/wp\/v2\/users\/2"}],"replies":[{"embeddable":true,"href":"https:\/\/zonaroja.com.mx\/index.php?rest_route=%2Fwp%2Fv2%2Fcomments&post=47263"}],"version-history":[{"count":1,"href":"https:\/\/zonaroja.com.mx\/index.php?rest_route=\/wp\/v2\/posts\/47263\/revisions"}],"predecessor-version":[{"id":47266,"href":"https:\/\/zonaroja.com.mx\/index.php?rest_route=\/wp\/v2\/posts\/47263\/revisions\/47266"}],"wp:featuredmedia":[{"embeddable":true,"href":"https:\/\/zonaroja.com.mx\/index.php?rest_route=\/wp\/v2\/media\/47265"}],"wp:attachment":[{"href":"https:\/\/zonaroja.com.mx\/index.php?rest_route=%2Fwp%2Fv2%2Fmedia&parent=47263"}],"wp:term":[{"taxonomy":"category","embeddable":true,"href":"https:\/\/zonaroja.com.mx\/index.php?rest_route=%2Fwp%2Fv2%2Fcategories&post=47263"},{"taxonomy":"post_tag","embeddable":true,"href":"https:\/\/zonaroja.com.mx\/index.php?rest_route=%2Fwp%2Fv2%2Ftags&post=47263"}],"curies":[{"name":"wp","href":"https:\/\/api.w.org\/{rel}","templated":true}]}}