{"id":47270,"date":"2022-10-25T12:10:41","date_gmt":"2022-10-25T17:10:41","guid":{"rendered":"https:\/\/www.zonaroja.com.mx\/?p=47270"},"modified":"2022-10-25T12:10:43","modified_gmt":"2022-10-25T17:10:43","slug":"emboscada-por-lio-agrario-deja-cuatro-muertos-en-comunidad-de-oaxaca","status":"publish","type":"post","link":"https:\/\/zonaroja.com.mx\/?p=47270","title":{"rendered":"Emboscada por l\u00edo agrario deja cuatro muertos en comunidad de Oaxaca"},"content":{"rendered":"\n<p>Redacci\u00f3n\/Zona Roja.&nbsp;<\/p>\n\n\n\n<p>Oaxaca de Ju\u00e1rez, Oax., a 25 de octubre de 2022.- Una emboscada presuntamente derivada de un conflicto agrario, dej\u00f3 al menos cuatro personas asesinadas por disparo de arma de fuego, en San Pedro Ocotepec, Oaxaca.<\/p>\n\n\n\n<p>Los cuerpos fueron localizados la tarde-noche de ayer y acusan que habr\u00eda sido ataque de pobladores de San Juan Juquila Mixe.<\/p>\n\n\n\n<p>Las v\u00edctimas fueron identificadas de manera preliminar como Agust\u00edn R. M., de 48 a\u00f1os de edad; Joel M. V., de 45 a\u00f1os; Iv\u00e1n M., de 30 a\u00f1os; Miguel R. T., de 25 a\u00f1os, todos originarios de San Pedro Ocotepec.<\/p>\n\n\n\n<p>Los hechos ocurrieron en el paraje \u201cEl Basurero\u00bb, cuando \u00e9stos se dirig\u00edan en un veh\u00edculo al crucero de la desviaci\u00f3n a Guadalupe Victoria, con el fin de reforzar un ret\u00e9n que mantiene para delimitar la zona lim\u00edtrofe.<\/p>\n\n\n\n<p>Ante estos hechos, las autoridades ministeriales tomaron conocimiento del caso para deslindar responsabilidades.<\/p>\n\n\n\n<p>Autoridades municipales de San Pedro Ocotepec rechazaron la intervenci\u00f3n de los elementos policiacos y advirtieron que ellos se encargar\u00edan de las diligencias y levantamiento de los cad\u00e1veres.<\/p>\n","protected":false},"excerpt":{"rendered":"<p>Redacci\u00f3n\/Zona Roja.&nbsp; Oaxaca de Ju\u00e1rez, Oax., a 25 de octubre de 2022.- Una emboscada presuntamente&hellip;<\/p>\n","protected":false},"author":2,"featured_media":38093,"comment_status":"closed","ping_status":"open","sticky":false,"template":"","format":"standard","meta":{"_lmt_disableupdate":"","_lmt_disable":"","_jetpack_memberships_contains_paid_content":false,"footnotes":""},"categories":[109,51],"tags":[],"class_list":["post-47270","post","type-post","status-publish","format-standard","has-post-thumbnail","hentry","category-minuto-a-minuto","category-zona-roja"],"jetpack_featured_media_url":"https:\/\/zonaroja.com.mx\/wp-content\/uploads\/2022\/02\/Policia-escena-seguridad-violencia-crimen.jpg","jetpack_sharing_enabled":true,"_links":{"self":[{"href":"https:\/\/zonaroja.com.mx\/index.php?rest_route=\/wp\/v2\/posts\/47270","targetHints":{"allow":["GET"]}}],"collection":[{"href":"https:\/\/zonaroja.com.mx\/index.php?rest_route=\/wp\/v2\/posts"}],"about":[{"href":"https:\/\/zonaroja.com.mx\/index.php?rest_route=\/wp\/v2\/types\/post"}],"author":[{"embeddable":true,"href":"https:\/\/zonaroja.com.mx\/index.php?rest_route=\/wp\/v2\/users\/2"}],"replies":[{"embeddable":true,"href":"https:\/\/zonaroja.com.mx\/index.php?rest_route=%2Fwp%2Fv2%2Fcomments&post=47270"}],"version-history":[{"count":1,"href":"https:\/\/zonaroja.com.mx\/index.php?rest_route=\/wp\/v2\/posts\/47270\/revisions"}],"predecessor-version":[{"id":47271,"href":"https:\/\/zonaroja.com.mx\/index.php?rest_route=\/wp\/v2\/posts\/47270\/revisions\/47271"}],"wp:featuredmedia":[{"embeddable":true,"href":"https:\/\/zonaroja.com.mx\/index.php?rest_route=\/wp\/v2\/media\/38093"}],"wp:attachment":[{"href":"https:\/\/zonaroja.com.mx\/index.php?rest_route=%2Fwp%2Fv2%2Fmedia&parent=47270"}],"wp:term":[{"taxonomy":"category","embeddable":true,"href":"https:\/\/zonaroja.com.mx\/index.php?rest_route=%2Fwp%2Fv2%2Fcategories&post=47270"},{"taxonomy":"post_tag","embeddable":true,"href":"https:\/\/zonaroja.com.mx\/index.php?rest_route=%2Fwp%2Fv2%2Ftags&post=47270"}],"curies":[{"name":"wp","href":"https:\/\/api.w.org\/{rel}","templated":true}]}}