{"id":47273,"date":"2022-10-25T14:13:50","date_gmt":"2022-10-25T19:13:50","guid":{"rendered":"https:\/\/www.zonaroja.com.mx\/?p=47273"},"modified":"2022-10-25T14:15:27","modified_gmt":"2022-10-25T19:15:27","slug":"alcaldes-de-concepcion-papalo-y-planilla-se-deslindan-de-actos-vandalicos","status":"publish","type":"post","link":"https:\/\/zonaroja.com.mx\/?p=47273","title":{"rendered":"Alcaldesa de Concepci\u00f3n P\u00e1palo y planilla se deslindan de actos vand\u00e1licos"},"content":{"rendered":"\n<p>Oaxaca.- Tras la denuncia ayer de un grupo de pobladores, la autoridad municipal de Concepci\u00f3n P\u00e1palo, Asunci\u00f3n Contreras Castillo, se deslind\u00f3 de actos violentos registrados supuestamente en la agencia de San Lorenzo.&nbsp;<\/p>\n\n\n\n<p>En un comunicado, la planilla \u201cGuinda\u201d, en la que participa la alcaldesa para la renovaci\u00f3n del Cabildo, puntualiz\u00f3 que no tiene nada que ver con actos de desestabilizaci\u00f3n y que promueve la concordia en la comunidad de la regi\u00f3n Ca\u00f1ada.<\/p>\n\n\n\n<p>\u201cLa planilla \u2018Azul\u2019 encabezada por la F\u00e1tima Mariscal Sandoval es la misma que contendi\u00f3 hace un a\u00f1o y medio, perdiendo esas elecciones a pesar de lucrar con las necesidades de la ciudadan\u00eda, comprando votos con recursos de procedencia il\u00edcita.<\/p>\n\n\n\n<p>\u201cEs una planilla de militante priistas apoyada abiertamente por la presidenta municipal de San Juan Bautista Cuicatl\u00e1n, Maricel Mariscal Gayt\u00e1n (PRI), Elpidio Concha Arellano (PRI) y Eufrosina Cruz Mendoza (PRI).<\/p>\n\n\n\n<p>\u201cTenemos testimonios que nuevamente pretendieron comprar votos pagando 10,000 pesos a los operadores comunitarios y $ 3 000 pesos por voto; se trata de los mismos que durante d\u00e9cadas explotaron el bosque y cuando ya no pudieron, quemaron m\u00e1s de 3,500 hect\u00e1reas para seguir enriqueci\u00e9ndose\u201d, expusieron en un comunicado.&nbsp;<\/p>\n\n\n\n<p>Aseguraron que son los mismos que dejaron cheques sin fondos al nuevo Comisariado de Bienes Comunales al perder en el pasado mes de julio esa elecci\u00f3n, \u201cson los que saquearon la tienda comunitaria para repartirse entre ellos los bienes, cuya justicia est\u00e1 pendiente\u201d, detallaron.<\/p>\n\n\n\n<p>Agregaron que el compromiso de la planilla \u201cGuinda\u201d sigue siendo trabajar por el bien com\u00fan, mediante el respeto a la voluntad comunitaria, \u201cpor lo que estamos ciertos de la imperiosa necesidad de reponer el proceso electoral para elegir a nuestras autoridades, haciendo votos para alcanzar los consensos respectivos\u201d.<\/p>\n\n\n\n<p>Confiaron en las autoridades electorales del estado (IEEPCO), \u201ca quienes hemos solicitado su comprometido acompa\u00f1amiento que permita lograr el cometido de realizar las elecciones municipales y ejercer el derecho leg\u00edtimo de autogobernarnos\u201d.<\/p>\n\n\n\n<p>El comunicado lo firman Mar\u00eda Asunci\u00f3n Contreras Castillo, Jos\u00e9 Luis Cid Cortes,<\/p>\n\n\n\n<p>Catalina Avenda\u00f1o Mart\u00ednez, Oscar Mej\u00eda Ram\u00edrez, Betzaida Su\u00e1rez Velasco, Oswaldo Heras Neri, Cupertina V\u00e1squez Orozco y Ariesteo Avenda\u00f1o Carbajal.<\/p>\n","protected":false},"excerpt":{"rendered":"<p>Oaxaca.- Tras la denuncia ayer de un grupo de pobladores, la autoridad municipal de Concepci\u00f3n&hellip;<\/p>\n","protected":false},"author":2,"featured_media":47272,"comment_status":"closed","ping_status":"open","sticky":false,"template":"","format":"standard","meta":{"_lmt_disableupdate":"","_lmt_disable":"","_jetpack_memberships_contains_paid_content":false,"footnotes":""},"categories":[109,46],"tags":[],"class_list":["post-47273","post","type-post","status-publish","format-standard","has-post-thumbnail","hentry","category-minuto-a-minuto","category-zona-blanca"],"jetpack_featured_media_url":"https:\/\/zonaroja.com.mx\/wp-content\/uploads\/2022\/10\/10ce0c9e-6c5d-475f-922b-ff495afd1da9.jpg","jetpack_sharing_enabled":true,"_links":{"self":[{"href":"https:\/\/zonaroja.com.mx\/index.php?rest_route=\/wp\/v2\/posts\/47273","targetHints":{"allow":["GET"]}}],"collection":[{"href":"https:\/\/zonaroja.com.mx\/index.php?rest_route=\/wp\/v2\/posts"}],"about":[{"href":"https:\/\/zonaroja.com.mx\/index.php?rest_route=\/wp\/v2\/types\/post"}],"author":[{"embeddable":true,"href":"https:\/\/zonaroja.com.mx\/index.php?rest_route=\/wp\/v2\/users\/2"}],"replies":[{"embeddable":true,"href":"https:\/\/zonaroja.com.mx\/index.php?rest_route=%2Fwp%2Fv2%2Fcomments&post=47273"}],"version-history":[{"count":2,"href":"https:\/\/zonaroja.com.mx\/index.php?rest_route=\/wp\/v2\/posts\/47273\/revisions"}],"predecessor-version":[{"id":47275,"href":"https:\/\/zonaroja.com.mx\/index.php?rest_route=\/wp\/v2\/posts\/47273\/revisions\/47275"}],"wp:featuredmedia":[{"embeddable":true,"href":"https:\/\/zonaroja.com.mx\/index.php?rest_route=\/wp\/v2\/media\/47272"}],"wp:attachment":[{"href":"https:\/\/zonaroja.com.mx\/index.php?rest_route=%2Fwp%2Fv2%2Fmedia&parent=47273"}],"wp:term":[{"taxonomy":"category","embeddable":true,"href":"https:\/\/zonaroja.com.mx\/index.php?rest_route=%2Fwp%2Fv2%2Fcategories&post=47273"},{"taxonomy":"post_tag","embeddable":true,"href":"https:\/\/zonaroja.com.mx\/index.php?rest_route=%2Fwp%2Fv2%2Ftags&post=47273"}],"curies":[{"name":"wp","href":"https:\/\/api.w.org\/{rel}","templated":true}]}}