{"id":47279,"date":"2022-10-25T19:07:48","date_gmt":"2022-10-26T00:07:48","guid":{"rendered":"http:\/\/www.zonaroja.com.mx\/?p=47279"},"modified":"2022-10-25T19:07:50","modified_gmt":"2022-10-26T00:07:50","slug":"vinculan-a-sujeto-que-se-llevo-a-la-adolescente-alinne-de-huajuapan-de-leon","status":"publish","type":"post","link":"https:\/\/zonaroja.com.mx\/?p=47279","title":{"rendered":"Vinculan a sujeto que se llev\u00f3 a la adolescente Alinne, de Huajuapan de Le\u00f3n"},"content":{"rendered":"\n<p>Redacci\u00f3n\/Zona Roja.<\/p>\n\n\n\n<p>Oaxaca de Ju\u00e1rez, Oax., a 25 de octubre de 2022.- La exhaustiva labor de investigaci\u00f3n de la Fiscal\u00eda General del Estado de Oaxaca (FGEO) obtuvo del Juzgado de Control auto de vinculaci\u00f3n a proceso contra la persona del sexo masculino identificada como I. L. L. V., probable responsable del delito de sustracci\u00f3n de menores e incapaces, en agravio de la adolescente A. A. (Alinne Andrea) R. E., reportada como No Localizada en Huajuapan de Le\u00f3n, en la regi\u00f3n de la Mixteca.<\/p>\n\n\n\n<p>Los hechos que se le imputan derivan de que el pasado 5 de octubre, familiares reportaron que hab\u00edan perdido contacto con la adolescente, quien no hab\u00eda regresado a su domicilio ubicado en la Agencia Agua Dulce de Huajuapan de Le\u00f3n, situaci\u00f3n que denunciaron ante personal de la Vicefiscal\u00eda Regional de la Mixteca.<\/p>\n\n\n\n<p>Ante este hecho, la Unidad de B\u00fasqueda de Personas No Localizadas (DNOL) de la Vicefiscal\u00eda General de Atenci\u00f3n a V\u00edctimas y a la Sociedad, en conjunto con la Vicefiscal\u00eda Regional de la Mixteca, atrajeron el caso e iniciaron las investigaciones y labores de inteligencia correspondientes para dar con el paradero de la adolescente, determinando que se encontraba en jurisdicci\u00f3n de Zapotitl\u00e1n de las Palmas.<\/p>\n\n\n\n<p>El pasado 14 de octubre, la Fiscal\u00eda de Oaxaca coordin\u00f3 y ejecut\u00f3 un operativo en inmediaciones de la carretera 190 tramo Huajuapan-Acatl\u00e1n, en el cual participaron elementos de la AEI; dicho despliegue tambi\u00e9n cont\u00f3 con la estrecha colaboraci\u00f3n de la Guardia Nacional, trabajos que dieron como resultado la localizaci\u00f3n y resguardo de la v\u00edctima cuando viajaba a bordo de un autob\u00fas de transporte p\u00fablico.<\/p>\n\n\n\n<p>Posteriormente, el pasado 17 de octubre, elementos de la AEI detuvieron al imputado I. L. V. V., por tener alg\u00fan grado de responsabilidad en este delito, dando cumplimiento a la orden de aprehensi\u00f3n asentada en la causa penal 1204\/2022.<\/p>\n\n\n\n<p>En tanto, la adolescente fue puesta a disposici\u00f3n de la DNOL, para posteriormente ser reintegrada con su familia. Adem\u00e1s, la FGEO le brinda atenci\u00f3n multidisciplinaria y se le otorgan servicios subsecuentes.<\/p>\n\n\n\n<p>Respecto a la situaci\u00f3n jur\u00eddica de I. L. V. V., en audiencia y tras validar los datos de prueba aportados por la FGEO, el Juez en turno determin\u00f3 vincular a proceso a I. L. V. V., imponiendo medidas cautelares y otorg\u00f3 tres meses para el cierre de investigaci\u00f3n complementaria.<\/p>\n\n\n\n<p>La Fiscal\u00eda General atiende el inter\u00e9s superior de la ni\u00f1ez ante cualquier delito que ponga en riesgo a ni\u00f1as, ni\u00f1os o adolescentes, actuando de manera expedita para garantizar la seguridad de las v\u00edctimas.<\/p>\n","protected":false},"excerpt":{"rendered":"<p>Redacci\u00f3n\/Zona Roja. Oaxaca de Ju\u00e1rez, Oax., a 25 de octubre de 2022.- La exhaustiva labor&hellip;<\/p>\n","protected":false},"author":2,"featured_media":46954,"comment_status":"closed","ping_status":"open","sticky":false,"template":"","format":"standard","meta":{"_lmt_disableupdate":"","_lmt_disable":"","_jetpack_memberships_contains_paid_content":false,"footnotes":""},"categories":[109,46],"tags":[3289],"class_list":["post-47279","post","type-post","status-publish","format-standard","has-post-thumbnail","hentry","category-minuto-a-minuto","category-zona-blanca","tag-alinne-andrea-rendon"],"jetpack_featured_media_url":"https:\/\/zonaroja.com.mx\/wp-content\/uploads\/2022\/10\/Alinne-Andrea-Rendon.jpeg","jetpack_sharing_enabled":true,"_links":{"self":[{"href":"https:\/\/zonaroja.com.mx\/index.php?rest_route=\/wp\/v2\/posts\/47279","targetHints":{"allow":["GET"]}}],"collection":[{"href":"https:\/\/zonaroja.com.mx\/index.php?rest_route=\/wp\/v2\/posts"}],"about":[{"href":"https:\/\/zonaroja.com.mx\/index.php?rest_route=\/wp\/v2\/types\/post"}],"author":[{"embeddable":true,"href":"https:\/\/zonaroja.com.mx\/index.php?rest_route=\/wp\/v2\/users\/2"}],"replies":[{"embeddable":true,"href":"https:\/\/zonaroja.com.mx\/index.php?rest_route=%2Fwp%2Fv2%2Fcomments&post=47279"}],"version-history":[{"count":1,"href":"https:\/\/zonaroja.com.mx\/index.php?rest_route=\/wp\/v2\/posts\/47279\/revisions"}],"predecessor-version":[{"id":47280,"href":"https:\/\/zonaroja.com.mx\/index.php?rest_route=\/wp\/v2\/posts\/47279\/revisions\/47280"}],"wp:featuredmedia":[{"embeddable":true,"href":"https:\/\/zonaroja.com.mx\/index.php?rest_route=\/wp\/v2\/media\/46954"}],"wp:attachment":[{"href":"https:\/\/zonaroja.com.mx\/index.php?rest_route=%2Fwp%2Fv2%2Fmedia&parent=47279"}],"wp:term":[{"taxonomy":"category","embeddable":true,"href":"https:\/\/zonaroja.com.mx\/index.php?rest_route=%2Fwp%2Fv2%2Fcategories&post=47279"},{"taxonomy":"post_tag","embeddable":true,"href":"https:\/\/zonaroja.com.mx\/index.php?rest_route=%2Fwp%2Fv2%2Ftags&post=47279"}],"curies":[{"name":"wp","href":"https:\/\/api.w.org\/{rel}","templated":true}]}}