{"id":47281,"date":"2022-10-25T19:33:39","date_gmt":"2022-10-26T00:33:39","guid":{"rendered":"http:\/\/www.zonaroja.com.mx\/?p=47281"},"modified":"2022-10-25T19:33:41","modified_gmt":"2022-10-26T00:33:41","slug":"otra-de-martinez-neri-denuncia-despido-injustificado-de-madre-trabajadora","status":"publish","type":"post","link":"https:\/\/zonaroja.com.mx\/?p=47281","title":{"rendered":"Otra de Mart\u00ednez Neri: denuncia despido injustificado de madre trabajadora&nbsp;"},"content":{"rendered":"\n<p>Yuridiana Sosa\/ Zona Roja.<\/p>\n\n\n\n<p>Oaxaca de Ju\u00e1rez, Oax., 25 de octubre de 2022.- Sin justificaci\u00f3n, presuntamente, Sara Montiel, trabajadora del ayuntamiento de Oaxaca de Ju\u00e1rez, fue despedida de su puesto como inspectora municipal del comercio en v\u00eda p\u00fablica, luego de ser v\u00edctima de hostigamiento laboral por sus superiores.<\/p>\n\n\n\n<p>La mujer -del \u00e1rea de personal de confianza en la parte operativa de dicha direcci\u00f3n- se\u00f1al\u00f3 en conferencia de prensa frente a la Defensor\u00eda de Derechos Humanos del Pueblo de Oaxaca, que el jefe de inspectores, Alejandro Pe\u00f1a, y el Jefe de la Unidad del Cuerpo de Inspectores, Valerio L\u00f3pez Aguilar, primero la trataron de obligarla a que renunciara y despu\u00e9s comenz\u00f3 una serie de hostigamientos.<\/p>\n\n\n\n<p>El pasado 15 de agosto, detall\u00f3, ambos funcionarios la encerraron en una oficina para tratar de obligarla a renunciar, acus\u00e1ndola a su vez de recibir dinero o favores de parte de comer comerciantes en la v\u00eda p\u00fablica.<\/p>\n\n\n\n<p>Al conflicto se involucraron otros servidores p\u00fablicos que armaron una red de actos en su contra, lo que finalmente deriv\u00f3 un acta constitutiva que la dejaban como una mala trabajadora. &nbsp;<\/p>\n\n\n\n<p>El despido finalmente se asent\u00f3 con motivo de p\u00e9rdida de la confianza, sin embrago, apunt\u00f3 que quienes abusan de la confianza del edil Francisco Mart\u00ednez Neri son dichos funcionarios.&nbsp;<\/p>\n\n\n\n<p>Asegur\u00f3 que tiene audios que respaldan negocios ilegales de parte de parte del jefe de inspectores, Valerio L\u00f3pez Aguilar, para otorgar espacios a comerciantes en la v\u00eda p\u00fablica, los cuales no son autorizados por la directora de Comercio en V\u00eda P\u00fablica del Municipio de Oaxaca, Bibiana Garc\u00eda Loya.<\/p>\n\n\n\n<p>Antes estas irregularidades en su contra present\u00f3 una denuncia en la DDHPO y demand\u00f3 una audiencia con el edil Mart\u00ednez Neri para darle a conocer de propia voz su situaci\u00f3n, pues de su trabajo dependen los servicios m\u00e9dicos de su menor hijo que se encuentra delicado de salud.\u00a0<\/p>\n\n\n\n<figure class=\"wp-block-embed is-type-rich is-provider-twitter wp-block-embed-twitter\"><div class=\"wp-block-embed__wrapper\">\n<div class=\"twitter-tweet\"><blockquote class=\"twitter-tweet\" data-lang=\"es\"><p lang=\"zxx\" dir=\"ltr\"><a href=\"https:\/\/t.co\/Mqs7AD3Bah\">https:\/\/t.co\/Mqs7AD3Bah<\/a><\/p>&mdash; Zona Roja Oaxaca (@ZonaRoja_Oaxaca) <a href=\"https:\/\/twitter.com\/ZonaRoja_Oaxaca\/status\/1584946126448652291?ref_src=twsrc%5Etfw\">25 de octubre de 2022<\/a><\/blockquote><\/div>\n<\/div><\/figure>\n","protected":false},"excerpt":{"rendered":"<p>Yuridiana Sosa\/ Zona Roja. Oaxaca de Ju\u00e1rez, Oax., 25 de octubre de 2022.- Sin justificaci\u00f3n,&hellip;<\/p>\n","protected":false},"author":2,"featured_media":47282,"comment_status":"closed","ping_status":"open","sticky":false,"template":"","format":"standard","meta":{"_lmt_disableupdate":"","_lmt_disable":"","_jetpack_memberships_contains_paid_content":false,"footnotes":""},"categories":[109,47],"tags":[2418],"class_list":["post-47281","post","type-post","status-publish","format-standard","has-post-thumbnail","hentry","category-minuto-a-minuto","category-zona-gris","tag-francisco-martinez-neri"],"jetpack_featured_media_url":"https:\/\/zonaroja.com.mx\/wp-content\/uploads\/2022\/10\/Denuncia-despido-de-ayuntamiento-Oaxaca.jpg","jetpack_sharing_enabled":true,"_links":{"self":[{"href":"https:\/\/zonaroja.com.mx\/index.php?rest_route=\/wp\/v2\/posts\/47281","targetHints":{"allow":["GET"]}}],"collection":[{"href":"https:\/\/zonaroja.com.mx\/index.php?rest_route=\/wp\/v2\/posts"}],"about":[{"href":"https:\/\/zonaroja.com.mx\/index.php?rest_route=\/wp\/v2\/types\/post"}],"author":[{"embeddable":true,"href":"https:\/\/zonaroja.com.mx\/index.php?rest_route=\/wp\/v2\/users\/2"}],"replies":[{"embeddable":true,"href":"https:\/\/zonaroja.com.mx\/index.php?rest_route=%2Fwp%2Fv2%2Fcomments&post=47281"}],"version-history":[{"count":1,"href":"https:\/\/zonaroja.com.mx\/index.php?rest_route=\/wp\/v2\/posts\/47281\/revisions"}],"predecessor-version":[{"id":47283,"href":"https:\/\/zonaroja.com.mx\/index.php?rest_route=\/wp\/v2\/posts\/47281\/revisions\/47283"}],"wp:featuredmedia":[{"embeddable":true,"href":"https:\/\/zonaroja.com.mx\/index.php?rest_route=\/wp\/v2\/media\/47282"}],"wp:attachment":[{"href":"https:\/\/zonaroja.com.mx\/index.php?rest_route=%2Fwp%2Fv2%2Fmedia&parent=47281"}],"wp:term":[{"taxonomy":"category","embeddable":true,"href":"https:\/\/zonaroja.com.mx\/index.php?rest_route=%2Fwp%2Fv2%2Fcategories&post=47281"},{"taxonomy":"post_tag","embeddable":true,"href":"https:\/\/zonaroja.com.mx\/index.php?rest_route=%2Fwp%2Fv2%2Ftags&post=47281"}],"curies":[{"name":"wp","href":"https:\/\/api.w.org\/{rel}","templated":true}]}}