{"id":47284,"date":"2022-10-25T21:31:56","date_gmt":"2022-10-26T02:31:56","guid":{"rendered":"http:\/\/www.zonaroja.com.mx\/?p=47284"},"modified":"2022-10-25T21:31:58","modified_gmt":"2022-10-26T02:31:58","slug":"opinion-hemeroteca-50-anos-de-servir","status":"publish","type":"post","link":"https:\/\/zonaroja.com.mx\/?p=47284","title":{"rendered":"Opini\u00f3n. Hemeroteca: 50 a\u00f1os de servir"},"content":{"rendered":"\n<p>N\u00e9stor Y. S\u00e1nchez Islas<\/p>\n\n\n\n<p>Fue el gobernador del estado, Fernando G\u00f3mez Sandoval,&nbsp;quien, al recibir simb\u00f3licamente un tomo de peri\u00f3dicos encuadernados, recibi\u00f3 a la instituci\u00f3n en nombre de Oaxaca el 22 de octubre de 1972.&nbsp;<\/p>\n\n\n\n<p>Por su parte, el Congreso del Estado la decret\u00f3 como un patrimonio de los oaxaque\u00f1os. No sab\u00edan en ese momento que estaban creando una instituci\u00f3n que, a lo largo de estos 50 a\u00f1os, se&nbsp;convertir\u00eda&nbsp;en la segunda hemeroteca m\u00e1s importante del pa\u00eds, detr\u00e1s de la Hemeroteca Nacional que est\u00e1 en la UNAM.<\/p>\n\n\n\n<p>Hubo un tiempo en que a los oaxaque\u00f1os les gustaba construir. Generosos y desinteresados la gran mayor\u00eda, le dieron a Oaxaca canto, poes\u00eda, m\u00fasica. Construyeron la identidad que hoy nos&nbsp;distingue.&nbsp;<\/p>\n\n\n\n<p>Don N\u00e9stor S\u00e1nchez H. fue uno de ellos, quien generosamente no solo ayud\u00f3 a formar nuevas generaciones de&nbsp;periodistas,&nbsp;sino que construy\u00f3 una instituci\u00f3n que la gente y la prensa ha hecho propia&nbsp;y la ha defendido ante la pretensi\u00f3n de gobernadores anteriores que, en su loca cabeza, tuvieron el deseo de convertir en hotel esas instalaciones que forman parte del Centro Cultural Santo Domingo, uno de los m\u00e1s importantes de Am\u00e9rica.<\/p>\n\n\n\n<p>A diferencia de otras instituciones, la hemeroteca ha tenido la virtud de unir extremos del espectro social, lo que le ha permitido ser ampliamente aceptada no solo por investigadores, sino tambi\u00e9n por la gente de a pie. Normalmente, dentro del mundo acad\u00e9mico al ejercicio period\u00edstico se le considera un hermano menor de la ciencias sociales. Normalmente, a la gente de a pie le intimidan las instituciones y prefieren seguir de largo y no entrar.<\/p>\n\n\n\n<p>Sin embargo, no hay historiador que no recurra a los peri\u00f3dicos como fuentes de informaci\u00f3n porque, a diferencia de los archivos estatales que guardan la historia oficial, los peri\u00f3dicos guardan los contextos econ\u00f3micos, sociales y pol\u00edticos indispensables para interpretar ensayos e investigaciones&nbsp;de alto nivel. Si alguien desea conocer la historia de Oaxaca en el siglo XX su mejor fuente ser\u00e1n los miles de ejemplares archivados en sus acervos en donde los reporteros, quienes de forma presencial estuvieron en el lugar de los hechos,&nbsp;aportaron&nbsp;de forma emp\u00edrica la parte etnogr\u00e1fica del trabajo hist\u00f3rico.&nbsp;No hay persona de a pie que se sienta intimidad y prefiera no entrar a consultar un peri\u00f3dico.<\/p>\n\n\n\n<p>Los tiempos en que los acad\u00e9micos despreciaban estas instituciones, las hemerotecas, y el trabajo period\u00edstico han quedado atr\u00e1s. Ese pensamiento es tan&nbsp;odioso como el&nbsp;clasismo y racismo. La prensa y las hemerotecas est\u00e1n en plena actualizaci\u00f3n y seguir\u00e1n siendo vigentes y necesarias en el mundo digital del futuro cercano.<\/p>\n\n\n\n<p>\u00bfAcaso los acad\u00e9micos no son excelentes periodistas que entrevistan a los documentos que consultan y que fueron escritos en el pasado?&nbsp;Todo historiador lo sabe, la historia pol\u00edtica de un pa\u00eds est\u00e1 en las p\u00e1ginas de los diarios y los acervos de las hemerotecas. La existencia&nbsp;la segunda hemeroteca m\u00e1s importante de M\u00e9xico en&nbsp;Oaxaca habla de nuestro avanzado desarrollo cultural, mismo que deber\u00eda usarse como un medio para disminuir las desigualdades&nbsp;sociales.<\/p>\n\n\n\n<p>La ley nos garantiza el derecho a la informaci\u00f3n.&nbsp;Para&nbsp;la&nbsp;gente de a pie su primer contacto con tan importante derecho son las salas de lectura de la hemeroteca oaxaque\u00f1a.&nbsp;\u00bfCu\u00e1ntos de ellos han recurrido a las p\u00e1ginas de los peri\u00f3dicos como pruebas en busca de justicia?&nbsp;Esta es uno&nbsp;de los servicios que la instituci\u00f3n brinda a los m\u00e1s&nbsp;desprotegidos&nbsp;que, a diferencia de&nbsp;archivos&nbsp;acad\u00e9micos, les permite el acceso y consulta sin mayores trabas o requisitos.<\/p>\n\n\n\n<p>La historia de la creaci\u00f3n de la hemeroteca inici\u00f3 en los a\u00f1os 60 del siglo pasado. Fue la iniciativa y el sue\u00f1o de un solo hombre que supo ganar la confianza de destacados oaxaque\u00f1os que tuvieron la gentileza&nbsp;y confianza&nbsp;de donar sus colecciones privadas y que hoy forman tan importante acervo.&nbsp;Cont\u00f3 con el apoyo del entonces gobernador V\u00edctor Bravo Ah\u00faja, un hombre&nbsp;culto&nbsp;que&nbsp;ven\u00eda de ser Rector del Tec de Monterrey y&nbsp;no&nbsp;fue&nbsp;dif\u00edcil de convencer de la importancia de una instituci\u00f3n de este tipo.<\/p>\n\n\n\n<p>La instituci\u00f3n&nbsp;naci\u00f3 y creci\u00f3 dentro del Teatro Alcal\u00e1, as\u00ed oper\u00f3 hasta que Di\u00f3doro Carrasco tuvo la visi\u00f3n de integrarla&nbsp;al Centro Cultural Santo Domingo, en donde&nbsp;con&nbsp;el trabajo de sus colaboradores, de su actual director Javier Betanzo, la Fundaci\u00f3n Amigos de la Hemeroteca, la familia S\u00e1nchez Islas&nbsp;y&nbsp;del&nbsp;apoyo&nbsp;de las&nbsp;extraordinarias oaxaque\u00f1as&nbsp;que han estado al frente de la Secretar\u00eda de Cultura de este gobierno, Ana&nbsp;Isabel V\u00e1squez Colmenares, Adriana Aguilar y Karla Villaca\u00f1ahan logrado posicionarla&nbsp;en el lugar que hoy ocupa a nivel nacional.<\/p>\n\n\n\n<p>Es ahora el turno del Congreso estatal&nbsp;que&nbsp;debe formalizar la creaci\u00f3n y protecci\u00f3n del gran acervo fotogr\u00e1fico&nbsp;que est\u00e1 por crearse en la hemeroteca.&nbsp;Se trata de miles de im\u00e1genes&nbsp;de&nbsp;fot\u00f3grafos de prensa que igual cubrieron actos pol\u00edticos, nota roja&nbsp;o la miseria de nuestras comunidades. Su valor hist\u00f3rico es enorme.<\/p>\n\n\n\n<p>Twitter @nestoryuri<\/p>\n","protected":false},"excerpt":{"rendered":"<p>N\u00e9stor Y. S\u00e1nchez Islas Fue el gobernador del estado, Fernando G\u00f3mez Sandoval,&nbsp;quien, al recibir simb\u00f3licamente&hellip;<\/p>\n","protected":false},"author":2,"featured_media":41861,"comment_status":"closed","ping_status":"open","sticky":false,"template":"","format":"standard","meta":{"_lmt_disableupdate":"","_lmt_disable":"","_jetpack_memberships_contains_paid_content":false,"footnotes":""},"categories":[456,109],"tags":[3050],"class_list":["post-47284","post","type-post","status-publish","format-standard","has-post-thumbnail","hentry","category-columna","category-minuto-a-minuto","tag-nestor-yuri-sanchez"],"jetpack_featured_media_url":"https:\/\/zonaroja.com.mx\/wp-content\/uploads\/2022\/05\/Opinion-Nestor-Yuri-Sanchez-Islas.jpg","jetpack_sharing_enabled":true,"_links":{"self":[{"href":"https:\/\/zonaroja.com.mx\/index.php?rest_route=\/wp\/v2\/posts\/47284","targetHints":{"allow":["GET"]}}],"collection":[{"href":"https:\/\/zonaroja.com.mx\/index.php?rest_route=\/wp\/v2\/posts"}],"about":[{"href":"https:\/\/zonaroja.com.mx\/index.php?rest_route=\/wp\/v2\/types\/post"}],"author":[{"embeddable":true,"href":"https:\/\/zonaroja.com.mx\/index.php?rest_route=\/wp\/v2\/users\/2"}],"replies":[{"embeddable":true,"href":"https:\/\/zonaroja.com.mx\/index.php?rest_route=%2Fwp%2Fv2%2Fcomments&post=47284"}],"version-history":[{"count":2,"href":"https:\/\/zonaroja.com.mx\/index.php?rest_route=\/wp\/v2\/posts\/47284\/revisions"}],"predecessor-version":[{"id":47286,"href":"https:\/\/zonaroja.com.mx\/index.php?rest_route=\/wp\/v2\/posts\/47284\/revisions\/47286"}],"wp:featuredmedia":[{"embeddable":true,"href":"https:\/\/zonaroja.com.mx\/index.php?rest_route=\/wp\/v2\/media\/41861"}],"wp:attachment":[{"href":"https:\/\/zonaroja.com.mx\/index.php?rest_route=%2Fwp%2Fv2%2Fmedia&parent=47284"}],"wp:term":[{"taxonomy":"category","embeddable":true,"href":"https:\/\/zonaroja.com.mx\/index.php?rest_route=%2Fwp%2Fv2%2Fcategories&post=47284"},{"taxonomy":"post_tag","embeddable":true,"href":"https:\/\/zonaroja.com.mx\/index.php?rest_route=%2Fwp%2Fv2%2Ftags&post=47284"}],"curies":[{"name":"wp","href":"https:\/\/api.w.org\/{rel}","templated":true}]}}