{"id":47287,"date":"2022-10-25T21:57:16","date_gmt":"2022-10-26T02:57:16","guid":{"rendered":"http:\/\/www.zonaroja.com.mx\/?p=47287"},"modified":"2022-10-25T21:57:18","modified_gmt":"2022-10-26T02:57:18","slug":"registra-oaxaca-tres-asesinatos-este-martes-en-istmo-y-costa","status":"publish","type":"post","link":"https:\/\/zonaroja.com.mx\/?p=47287","title":{"rendered":"Registra Oaxaca tres asesinatos este martes, en Istmo y Costa"},"content":{"rendered":"\n<p>Redacci\u00f3n\/Zona Roja.<\/p>\n\n\n\n<p>Oaxaca de Ju\u00e1rez, Oax., a 25 de octubre de 2022.- Tres personas fueron asesinadas a balazos este martes, entre ellos un polic\u00eda vial municipal, en las regiones Istmo de Tehuantepec y Costa.<\/p>\n\n\n\n<p>La tarde de hoy en la carretera federal 200, tramo Santiago Jamiltepec-Comaltepec, el conductor de un cami\u00f3n tipo volteo fue ejecutado a balazos.<\/p>\n\n\n\n<p>La v\u00edctima fue identificada como Jes\u00fas R. G., de 54 a\u00f1os de edad; en el sitio hallaron casquillos percutidos.<\/p>\n\n\n\n<p>Previamente, en el municipio de Mat\u00edas Romero Avenda\u00f1o fue ultimado a balazos otro individuo.<\/p>\n\n\n\n<p>El crimen se registr\u00f3 en un domicilio de la calle Melchor Ocampo, colonia L\u00e1zaro C\u00e1rdenas, en que sujetos armados ingresaron para acribillar al hombre, a\u00fan no identificado.<\/p>\n\n\n\n<p>Mientras que en la madrugada de este martes, en la colonia L\u00e1zaro C\u00e1rdenas de Santo Domingo Tehuantepec, fue ultimado a balazos Marcelino V. C., de 49 a\u00f1os de edad, quien se desempe\u00f1aba como elemento de la polic\u00eda vial de Salina Cruz y acud\u00eda a sus labores cuando fue abatido.<\/p>\n","protected":false},"excerpt":{"rendered":"<p>Redacci\u00f3n\/Zona Roja. Oaxaca de Ju\u00e1rez, Oax., a 25 de octubre de 2022.- Tres personas fueron&hellip;<\/p>\n","protected":false},"author":2,"featured_media":47288,"comment_status":"closed","ping_status":"open","sticky":false,"template":"","format":"standard","meta":{"_lmt_disableupdate":"","_lmt_disable":"","_jetpack_memberships_contains_paid_content":false,"footnotes":""},"categories":[109,51],"tags":[797],"class_list":["post-47287","post","type-post","status-publish","format-standard","has-post-thumbnail","hentry","category-minuto-a-minuto","category-zona-roja","tag-santiago-jamiltepec"],"jetpack_featured_media_url":"https:\/\/zonaroja.com.mx\/wp-content\/uploads\/2022\/10\/Ejecutado-policia-vial-en-Tehuantepec.jpg","jetpack_sharing_enabled":true,"_links":{"self":[{"href":"https:\/\/zonaroja.com.mx\/index.php?rest_route=\/wp\/v2\/posts\/47287","targetHints":{"allow":["GET"]}}],"collection":[{"href":"https:\/\/zonaroja.com.mx\/index.php?rest_route=\/wp\/v2\/posts"}],"about":[{"href":"https:\/\/zonaroja.com.mx\/index.php?rest_route=\/wp\/v2\/types\/post"}],"author":[{"embeddable":true,"href":"https:\/\/zonaroja.com.mx\/index.php?rest_route=\/wp\/v2\/users\/2"}],"replies":[{"embeddable":true,"href":"https:\/\/zonaroja.com.mx\/index.php?rest_route=%2Fwp%2Fv2%2Fcomments&post=47287"}],"version-history":[{"count":1,"href":"https:\/\/zonaroja.com.mx\/index.php?rest_route=\/wp\/v2\/posts\/47287\/revisions"}],"predecessor-version":[{"id":47289,"href":"https:\/\/zonaroja.com.mx\/index.php?rest_route=\/wp\/v2\/posts\/47287\/revisions\/47289"}],"wp:featuredmedia":[{"embeddable":true,"href":"https:\/\/zonaroja.com.mx\/index.php?rest_route=\/wp\/v2\/media\/47288"}],"wp:attachment":[{"href":"https:\/\/zonaroja.com.mx\/index.php?rest_route=%2Fwp%2Fv2%2Fmedia&parent=47287"}],"wp:term":[{"taxonomy":"category","embeddable":true,"href":"https:\/\/zonaroja.com.mx\/index.php?rest_route=%2Fwp%2Fv2%2Fcategories&post=47287"},{"taxonomy":"post_tag","embeddable":true,"href":"https:\/\/zonaroja.com.mx\/index.php?rest_route=%2Fwp%2Fv2%2Ftags&post=47287"}],"curies":[{"name":"wp","href":"https:\/\/api.w.org\/{rel}","templated":true}]}}