{"id":47295,"date":"2022-10-26T07:52:13","date_gmt":"2022-10-26T12:52:13","guid":{"rendered":"http:\/\/www.zonaroja.com.mx\/?p=47295"},"modified":"2022-10-26T07:52:15","modified_gmt":"2022-10-26T12:52:15","slug":"avala-el-senado-eliminar-el-horario-de-verano-en-mexico","status":"publish","type":"post","link":"https:\/\/zonaroja.com.mx\/?p=47295","title":{"rendered":"Avala el Senado eliminar el Horario de Verano en M\u00e9xico"},"content":{"rendered":"\n<p>Redacci\u00f3n\/Zona Roja.<\/p>\n\n\n\n<p>Oaxaca de Ju\u00e1rez, Oax., a 26 de octubre de 2022.- La mayor\u00eda de Morena y aliados en el Senado aprobaron anoche expedir la Ley de los Husos Horarios y con ello eliminar el horario de verano,&nbsp;que se implementaba desde hace 26 a\u00f1os.<\/p>\n\n\n\n<p>Con 59 votos a favor, 25 en contra y 12 abstenciones se aprob\u00f3 la ley que se implementar\u00e1 a partir del pr\u00f3ximo 30 de octubre pr\u00f3ximo.<\/p>\n\n\n\n<p>La presidenta de la Comisi\u00f3n de Energ\u00eda, la morenista Roc\u00edo Abreu record\u00f3 que el horario de verano fue implementado por primera vez en M\u00e9xico en 1996, con la justificaci\u00f3n de que generar\u00eda un ahorro econ\u00f3mico y energ\u00e9tico, as\u00ed como la reducci\u00f3n de recursos f\u00f3siles para generar electricidad.&nbsp;<\/p>\n\n\n\n<p>Sin embargo, desde su establecimiento hasta 2021, los ahorros energ\u00e9ticos han representado menos del uno por ciento respecto a las energ\u00edas que se consumen cada a\u00f1o, por lo que no ha cumplido con su objetivo, pero s\u00ed ha producido impactos negativos en la salud de la poblaci\u00f3n.<\/p>\n\n\n\n<p>Desde tribuna y tras una jornada de 15 horas,&nbsp;la morenista explic\u00f3 los ahorros energ\u00e9ticos representaron menos del 1 por ciento respecto a las energ\u00edas de cada a\u00f1o, \u201ces decir no ha cumplido con su objetivo\u201d.<\/p>\n\n\n\n<p>Afirm\u00f3 que hay impactos negativos en el \u00e1mbito de salud y econom\u00eda.<\/p>\n\n\n\n<p>\u201cDe acuerdo con datos de la Secretar\u00eda de salud se encuentra en problemas cardiovasculares, irritabilidad, somnolencia, falta de atenci\u00f3n de concentraci\u00f3n y memoria, desequilibrio en el reloj biol\u00f3gico y emocional. Y desde la implementaci\u00f3n del horario de verano existe el rechazo a parte de la poblaci\u00f3n, un porcentaje del 71% rechaza el horario de verano\u201d, subray\u00f3.<\/p>\n\n\n\n<p>(Informaci\u00f3n de \u201cMilenio Digital\u201d)<\/p>\n","protected":false},"excerpt":{"rendered":"<p>Redacci\u00f3n\/Zona Roja. Oaxaca de Ju\u00e1rez, Oax., a 26 de octubre de 2022.- La mayor\u00eda de&hellip;<\/p>\n","protected":false},"author":2,"featured_media":5173,"comment_status":"closed","ping_status":"open","sticky":false,"template":"","format":"standard","meta":{"_lmt_disableupdate":"","_lmt_disable":"","_jetpack_memberships_contains_paid_content":false,"footnotes":""},"categories":[109,46],"tags":[],"class_list":["post-47295","post","type-post","status-publish","format-standard","has-post-thumbnail","hentry","category-minuto-a-minuto","category-zona-blanca"],"jetpack_featured_media_url":"https:\/\/zonaroja.com.mx\/wp-content\/uploads\/2019\/10\/horario-de-verano.jpeg","jetpack_sharing_enabled":true,"_links":{"self":[{"href":"https:\/\/zonaroja.com.mx\/index.php?rest_route=\/wp\/v2\/posts\/47295","targetHints":{"allow":["GET"]}}],"collection":[{"href":"https:\/\/zonaroja.com.mx\/index.php?rest_route=\/wp\/v2\/posts"}],"about":[{"href":"https:\/\/zonaroja.com.mx\/index.php?rest_route=\/wp\/v2\/types\/post"}],"author":[{"embeddable":true,"href":"https:\/\/zonaroja.com.mx\/index.php?rest_route=\/wp\/v2\/users\/2"}],"replies":[{"embeddable":true,"href":"https:\/\/zonaroja.com.mx\/index.php?rest_route=%2Fwp%2Fv2%2Fcomments&post=47295"}],"version-history":[{"count":1,"href":"https:\/\/zonaroja.com.mx\/index.php?rest_route=\/wp\/v2\/posts\/47295\/revisions"}],"predecessor-version":[{"id":47296,"href":"https:\/\/zonaroja.com.mx\/index.php?rest_route=\/wp\/v2\/posts\/47295\/revisions\/47296"}],"wp:featuredmedia":[{"embeddable":true,"href":"https:\/\/zonaroja.com.mx\/index.php?rest_route=\/wp\/v2\/media\/5173"}],"wp:attachment":[{"href":"https:\/\/zonaroja.com.mx\/index.php?rest_route=%2Fwp%2Fv2%2Fmedia&parent=47295"}],"wp:term":[{"taxonomy":"category","embeddable":true,"href":"https:\/\/zonaroja.com.mx\/index.php?rest_route=%2Fwp%2Fv2%2Fcategories&post=47295"},{"taxonomy":"post_tag","embeddable":true,"href":"https:\/\/zonaroja.com.mx\/index.php?rest_route=%2Fwp%2Fv2%2Ftags&post=47295"}],"curies":[{"name":"wp","href":"https:\/\/api.w.org\/{rel}","templated":true}]}}