{"id":47308,"date":"2022-10-26T14:57:04","date_gmt":"2022-10-26T19:57:04","guid":{"rendered":"http:\/\/www.zonaroja.com.mx\/?p=47308"},"modified":"2022-10-26T14:58:29","modified_gmt":"2022-10-26T19:58:29","slug":"impunidad-por-ataques-de-organizaciones-vs-burocratas-suman-12-casos","status":"publish","type":"post","link":"https:\/\/zonaroja.com.mx\/?p=47308","title":{"rendered":"Impunidad por ataques de organizaciones vs. bur\u00f3cratas; suman 12 casos"},"content":{"rendered":"\n<p>Yuridiana Sosa\/Zona Roja.<\/p>\n\n\n\n<p>Oaxaca de Ju\u00e1rez, Oax., 26 de octubre de 2022.- Ante la impunidad y falta de atenci\u00f3n a la demanda social, con cada vez m\u00e1s frecuencia los trabajadores al servicio del Estado son retenidos y agredidos por manifestantes que \u201ctoman\u201d con violencia los complejos de gobierno.<\/p>\n\n\n\n<p>En lo que va del a\u00f1o, son al menos unas 12 retenciones que han sufrido empleados de confianza y de base \u2013adheridos al Sindicato de Trabajadores de los Poderes del Estado e Instituciones Descentralizadas de Car\u00e1cter Estatal de Oaxaca (STPEIDCEO)- en el complejo de Ciudad Administrativa, Judicial y Palacio de Gobierno.<\/p>\n\n\n\n<p>Trabajadores golpeados, veh\u00edculos da\u00f1ados; amenazas, intentos de agresiones se han registrado durante las retenciones, las cuales llegan a prolongarse hasta altas horas de noche, con una tard\u00eda intervenci\u00f3n de las fuerzas de seguridad o con lo que aparentemente se muestra: una falta de capacidad de negociaci\u00f3n o atenci\u00f3n de la Secretar\u00eda General de Gobierno (Segego).<\/p>\n\n\n\n<p>Los hechos violentos m\u00e1s recientes se registraron este martes en Ciudad Judicial, en Reyes Mantec\u00f3n de San Bartolo Coyotepec, donde por la ma\u00f1ana arrib\u00f3 un grupo representante a organizaciones sociales.<\/p>\n\n\n\n<p>El grupo, que exig\u00eda a la Secretar\u00eda de Finanzas soluci\u00f3n a sus demandas cerr\u00f3 accesos del complejo y por la tarde, se desataron las agresiones ante el intento de los propios trabajadores -sin intervenci\u00f3n de ning\u00fan cuerpo de seguridad- de salir del lugar.<\/p>\n\n\n\n<p>Apoyados con extintores para librarse de los manifestantes, los empleados trataron de abrirse paso del edificio de Fianzas, pero algunos fueron alcanzados por los golpes a palos, dejando a varios lesionados.<\/p>\n\n\n\n<p>Este mi\u00e9rcoles el grupo de manifestantes contin\u00faa su jornada y ahora cerraron el acceso principal de Ciudad Judicial.<\/p>\n\n\n\n<p>Pero tras las agresiones y ante la permanencia del grupo de agresores a falta de soluci\u00f3n a sus demandas, los trabajadores de base no asistieron este d\u00eda a trabajar, pues no es la \u00fanica vez que han son agredidos de esta forma.<\/p>\n\n\n\n<p>Hace menos de un mes, el pasado 27 de septiembre tambi\u00e9n fueron privados de su libertad en el complejo por la organizaci\u00f3n social Comit\u00e9 de Defensa Ciudadana (Codeci), cuyos integrantes se arman con palos y machetes.<\/p>\n\n\n\n<p>La organizaci\u00f3n tambi\u00e9n agredi\u00f3 a los empleados y violaron las chapas de algunos veh\u00edculos para moverlos y formar una barricada; adem\u00e1s, cortaron ramas de \u00e1rboles para armarse e impedir la salida de los empleados y evitar el ingreso de fuerzas de seguridad.<\/p>\n\n\n\n<figure class=\"wp-block-embed is-type-rich is-provider-twitter wp-block-embed-twitter\"><div class=\"wp-block-embed__wrapper\">\n<div class=\"twitter-tweet\"><blockquote class=\"twitter-tweet\" data-lang=\"es\"><p lang=\"es\" dir=\"ltr\">Palos, piedras, gases, contra bur\u00f3cratas de la <a href=\"https:\/\/twitter.com\/SEFINGobOax?ref_src=twsrc%5Etfw\">@SEFINGobOax<\/a> en oficinas de gobierno de Ciudad Judicial. <br>\u00bfY la <a href=\"https:\/\/twitter.com\/SSP_GobOax?ref_src=twsrc%5Etfw\">@SSP_GobOax<\/a>? \u00bfY la <a href=\"https:\/\/twitter.com\/GN_MEXICO_?ref_src=twsrc%5Etfw\">@GN_MEXICO_<\/a>? <a href=\"https:\/\/t.co\/SUZdczixlJ\">pic.twitter.com\/SUZdczixlJ<\/a><\/p>&mdash; Zona Roja Oaxaca (@ZonaRoja_Oaxaca) <a href=\"https:\/\/twitter.com\/ZonaRoja_Oaxaca\/status\/1585059501522419712?ref_src=twsrc%5Etfw\">26 de octubre de 2022<\/a><\/blockquote><\/div>\n<\/div><\/figure>\n\n\n\n<p>CUANTIOSOS DESTROZOS<\/p>\n\n\n\n<p>Entre las retenciones y acciones m\u00e1s violentas que se han registrado este a\u00f1o en complejos de gobierno y en la que los bur\u00f3cratas son los m\u00e1s afectados ocurri\u00f3 el 7 de marzo en Ciudad Administrativa en Tlalixtac de Cabrera.<\/p>\n\n\n\n<p>La causante de la violencia, de la que ni la Guardia Nacional se salv\u00f3 en esa ocasi\u00f3n, fue la Uni\u00f3n de Ayuntamientos de la Sierra Sur (UASS), quienes causaron destrozos y terror en la capital y en dicho edificio.<\/p>\n\n\n\n<p>Sus integrantes iban armados con palos, machetes, resorteras, piedras y enojo, al grado que algunos empleados se resguardaron en los ba\u00f1os para tratar de esconderse en caso de ingresar la turba a sus oficinas.<\/p>\n\n\n\n<p>La manifestaci\u00f3n tuvo como saldo robo de pertenencias, destrozos en puertas y canceler\u00eda de cristal, especialmente en el edificio 8; da\u00f1os en veh\u00edculos sobre el estacionamiento del interior de Ciudad Administrativa. No hubo detenidos.<\/p>\n\n\n\n<p>OTROS HECHOS<\/p>\n\n\n\n<p>Las afectaciones contra el personal del gobierno del estado tambi\u00e9n se han registrado en Palacio de Gobierno, como ocurri\u00f3 el pasado 12 de octubre, cuando integrantes de organizaciones de la Asamblea de los Pueblos en Defensa del Territorio, Educaci\u00f3n P\u00fablica de Oaxaca se apoderaron de los accesos del Palacio de Gobierno para exigir r\u00e1pida atenci\u00f3n.<\/p>\n\n\n\n<p>Previamente, en los complejos que albergan a las principales dependencias se registraron varias retenciones m\u00e1s.<\/p>\n\n\n\n<p>Sin detalle sobre sus exigencias, el pasado 14 de septiembre el Movimiento Lubizha se moviliz\u00f3 en la capital y en la sede de Ciudad Judicial en San Bartolo Coyotepec, donde cerr\u00f3 los accesos del recinto del gobierno, causando un desalojo emergente de trabajadores.<\/p>\n\n\n\n<p>As\u00ed tambi\u00e9n ocurri\u00f3 el 6 de septiembre, en ese mismo sitio ante la llegada de una manifestaci\u00f3n de habitantes de la regi\u00f3n del Istmo. Otra retenci\u00f3n ocurri\u00f3 el 6 de julio por parte de habitantes de Santiago Astata.<\/p>\n\n\n\n<p>Mientras que en Ciudad Administrativa, los bur\u00f3cratas sufrieron de la privaci\u00f3n de la libertad en su centro de trabajo el 8 agosto por Integrantes del Sindicato \u00danico de Trabajadores del Telebachillerato Comunitario del Estado de Oaxaca (SUTTEBCEO) y la&nbsp; organizaci\u00f3n \u201cSol Rojo\u201d.<\/p>\n\n\n\n<p>Sin da\u00f1os registrados, los empleados del gobierno del estado tambi\u00e9n permanecieron sin movilizarse con libertad en su centros de trabajo el 20 de julio, cuando un grupo de organizaciones sociales cerraron los accesos para exigir una mesa de di\u00e1logo con la Secretar\u00eda General de Gobierno (Segego).<\/p>\n\n\n\n<p>As\u00ed mismo, el 22 de marzo por alumnos y docentes de la Universidad del Pueblo que denunciaron desatenci\u00f3n de la Secretar\u00eda General de Gobierno (Segego).<\/p>\n\n\n\n<p>EXIGEN GARANT\u00cdAS<\/p>\n\n\n\n<p>Ante la repetici\u00f3n de hechos, la dirigencia del Sindicato de Trabajadores de los Poderes del Estado e Instituciones Descentralizadas de Car\u00e1cter Estatal de Oaxaca (STPEIDCEO) manifest\u00f3 repudio por las manifestaciones violentas y exigi\u00f3 la aplicaci\u00f3n de la ley contra los agresores.<\/p>\n\n\n\n<p>Para garantizar la integridad de los trabajadores, este mi\u00e9rcoles la base trabajadora de este gremio, tanto en Ciudad Judicial como en Ciudad Administrativa, no se present\u00f3 a laborar.<\/p>\n\n\n\n<figure class=\"wp-block-embed is-type-rich is-provider-twitter wp-block-embed-twitter\"><div class=\"wp-block-embed__wrapper\">\n<div class=\"twitter-tweet\"><blockquote class=\"twitter-tweet\" data-lang=\"es\"><p lang=\"es\" dir=\"ltr\">Este es otro aspecto de la situaci\u00f3n de violencia en Ciudad Judicial, oficinas ubicadas en Reyes Mantec\u00f3n, San Bartolo Coyotepec. <br>Los bur\u00f3cratas urgen la presencia de polic\u00edas. <a href=\"https:\/\/t.co\/ZYFaMHB6gP\">pic.twitter.com\/ZYFaMHB6gP<\/a><\/p>&mdash; Zona Roja Oaxaca (@ZonaRoja_Oaxaca) <a href=\"https:\/\/twitter.com\/ZonaRoja_Oaxaca\/status\/1585037226198839296?ref_src=twsrc%5Etfw\">25 de octubre de 2022<\/a><\/blockquote><\/div>\n<\/div><\/figure>\n","protected":false},"excerpt":{"rendered":"<p>Yuridiana Sosa\/Zona Roja. Oaxaca de Ju\u00e1rez, Oax., 26 de octubre de 2022.- Ante la impunidad&hellip;<\/p>\n","protected":false},"author":2,"featured_media":47309,"comment_status":"closed","ping_status":"open","sticky":false,"template":"","format":"standard","meta":{"_lmt_disableupdate":"","_lmt_disable":"","_jetpack_memberships_contains_paid_content":false,"footnotes":""},"categories":[109,47],"tags":[],"class_list":["post-47308","post","type-post","status-publish","format-standard","has-post-thumbnail","hentry","category-minuto-a-minuto","category-zona-gris"],"jetpack_featured_media_url":"https:\/\/zonaroja.com.mx\/wp-content\/uploads\/2022\/10\/Desalojo-burocratas-Ciudad-Judicial.jpg","jetpack_sharing_enabled":true,"_links":{"self":[{"href":"https:\/\/zonaroja.com.mx\/index.php?rest_route=\/wp\/v2\/posts\/47308","targetHints":{"allow":["GET"]}}],"collection":[{"href":"https:\/\/zonaroja.com.mx\/index.php?rest_route=\/wp\/v2\/posts"}],"about":[{"href":"https:\/\/zonaroja.com.mx\/index.php?rest_route=\/wp\/v2\/types\/post"}],"author":[{"embeddable":true,"href":"https:\/\/zonaroja.com.mx\/index.php?rest_route=\/wp\/v2\/users\/2"}],"replies":[{"embeddable":true,"href":"https:\/\/zonaroja.com.mx\/index.php?rest_route=%2Fwp%2Fv2%2Fcomments&post=47308"}],"version-history":[{"count":2,"href":"https:\/\/zonaroja.com.mx\/index.php?rest_route=\/wp\/v2\/posts\/47308\/revisions"}],"predecessor-version":[{"id":47313,"href":"https:\/\/zonaroja.com.mx\/index.php?rest_route=\/wp\/v2\/posts\/47308\/revisions\/47313"}],"wp:featuredmedia":[{"embeddable":true,"href":"https:\/\/zonaroja.com.mx\/index.php?rest_route=\/wp\/v2\/media\/47309"}],"wp:attachment":[{"href":"https:\/\/zonaroja.com.mx\/index.php?rest_route=%2Fwp%2Fv2%2Fmedia&parent=47308"}],"wp:term":[{"taxonomy":"category","embeddable":true,"href":"https:\/\/zonaroja.com.mx\/index.php?rest_route=%2Fwp%2Fv2%2Fcategories&post=47308"},{"taxonomy":"post_tag","embeddable":true,"href":"https:\/\/zonaroja.com.mx\/index.php?rest_route=%2Fwp%2Fv2%2Ftags&post=47308"}],"curies":[{"name":"wp","href":"https:\/\/api.w.org\/{rel}","templated":true}]}}