{"id":47318,"date":"2022-10-26T15:10:38","date_gmt":"2022-10-26T20:10:38","guid":{"rendered":"http:\/\/www.zonaroja.com.mx\/?p=47318"},"modified":"2022-10-26T16:08:46","modified_gmt":"2022-10-26T21:08:46","slug":"conde-cedhapi-el-asesinato-del-profesor-y-promotor-cultural-guillermo-alvaro-lopez","status":"publish","type":"post","link":"https:\/\/zonaroja.com.mx\/?p=47318","title":{"rendered":"Condena Cedhapi el asesinato del profesor y promotor cultural Guillermo \u00c1lvaro L\u00f3pez"},"content":{"rendered":"\n<p>Redacci\u00f3n\/Zona Roja.<\/p>\n\n\n\n<p>Oaxaca de Ju\u00e1rez, Oax., a 26 de octubre de 2022.- El Centro &nbsp;de Derechos humanos y Asesor\u00eda a Pueblos Ind\u00edgenas A.C (Cedhapi A.C.)&nbsp;conden\u00f3 el asesinato del profesor Guillermo \u00c1lvaro L\u00f3pez, quien adem\u00e1s era promotor cultural.<\/p>\n\n\n\n<p>En un comunicado, demand\u00f3 que se esclarezca a la brevedad el asesinato y pidi\u00f3 que los cuerpos policiacos brinden mejor seguridad&nbsp; a todos los habitantes de Tlaxiaco, debido a que en dicho municipio de la regi\u00f3n Mixteca se han incrementado los delitos.<\/p>\n\n\n\n<p>Record\u00f3 que ayer 25 de octubre del 2022, fue localizado el cuerpo sin vida del docente en la carretera federal 125 \u201cAlfonso P\u00e9rez Gazga\u201d, quien con fecha 23 de octubre del 2022, aproximadamente a las 22:30 horas se le vio por \u00faltima vez en la colonia Villa de las fFlores de Tlaxiaco.<\/p>\n\n\n\n<p>Actualmente se desempe\u00f1aba como jefe de la primera manzana del Barrio de San Diego, en esta ciudad&nbsp; de Tlaxiaco, Oaxaca, que arduamente cumpl\u00eda con dicha labor social.<\/p>\n\n\n\n<p>\u201cEn esta de ciudad&nbsp; de Tlaxiaco se ha vivido un clima de inseguridad para todos los habitantes, como es el caso de una persona asesinada en pleno centro el pasado 15 de octubre del 2022 y en diferentes ocasiones mediante las redes sociales se ha tenido conocimiento de diferentes personas desaparecidas, as\u00ed como robos a casas habitaci\u00f3n y robo a personas que transitan en las calles\u201d, expuso en su comunicado.<\/p>\n\n\n\n<p>Por estos hechos y el clima de inseguridad en esta ciudad&nbsp; de Tlaxiaco, el organismo que preside Maurilio Reyes Santiago, demand\u00f3 seguridad y justicia.<\/p>\n","protected":false},"excerpt":{"rendered":"<p>Redacci\u00f3n\/Zona Roja. Oaxaca de Ju\u00e1rez, Oax., a 26 de octubre de 2022.- El Centro &nbsp;de&hellip;<\/p>\n","protected":false},"author":2,"featured_media":47315,"comment_status":"closed","ping_status":"open","sticky":false,"template":"","format":"standard","meta":{"_lmt_disableupdate":"","_lmt_disable":"","_jetpack_memberships_contains_paid_content":false,"footnotes":""},"categories":[109,47],"tags":[643],"class_list":["post-47318","post","type-post","status-publish","format-standard","has-post-thumbnail","hentry","category-minuto-a-minuto","category-zona-gris","tag-heroica-ciudad-de-tlaxiaco"],"jetpack_featured_media_url":"https:\/\/zonaroja.com.mx\/wp-content\/uploads\/2022\/10\/Profesor-Guillermo-Alvarez-Lopez.jpg","jetpack_sharing_enabled":true,"_links":{"self":[{"href":"https:\/\/zonaroja.com.mx\/index.php?rest_route=\/wp\/v2\/posts\/47318","targetHints":{"allow":["GET"]}}],"collection":[{"href":"https:\/\/zonaroja.com.mx\/index.php?rest_route=\/wp\/v2\/posts"}],"about":[{"href":"https:\/\/zonaroja.com.mx\/index.php?rest_route=\/wp\/v2\/types\/post"}],"author":[{"embeddable":true,"href":"https:\/\/zonaroja.com.mx\/index.php?rest_route=\/wp\/v2\/users\/2"}],"replies":[{"embeddable":true,"href":"https:\/\/zonaroja.com.mx\/index.php?rest_route=%2Fwp%2Fv2%2Fcomments&post=47318"}],"version-history":[{"count":2,"href":"https:\/\/zonaroja.com.mx\/index.php?rest_route=\/wp\/v2\/posts\/47318\/revisions"}],"predecessor-version":[{"id":47320,"href":"https:\/\/zonaroja.com.mx\/index.php?rest_route=\/wp\/v2\/posts\/47318\/revisions\/47320"}],"wp:featuredmedia":[{"embeddable":true,"href":"https:\/\/zonaroja.com.mx\/index.php?rest_route=\/wp\/v2\/media\/47315"}],"wp:attachment":[{"href":"https:\/\/zonaroja.com.mx\/index.php?rest_route=%2Fwp%2Fv2%2Fmedia&parent=47318"}],"wp:term":[{"taxonomy":"category","embeddable":true,"href":"https:\/\/zonaroja.com.mx\/index.php?rest_route=%2Fwp%2Fv2%2Fcategories&post=47318"},{"taxonomy":"post_tag","embeddable":true,"href":"https:\/\/zonaroja.com.mx\/index.php?rest_route=%2Fwp%2Fv2%2Ftags&post=47318"}],"curies":[{"name":"wp","href":"https:\/\/api.w.org\/{rel}","templated":true}]}}