{"id":4732,"date":"2019-10-11T09:42:44","date_gmt":"2019-10-11T14:42:44","guid":{"rendered":"http:\/\/www.zonaroja.com.mx\/?p=4732"},"modified":"2019-10-11T14:30:48","modified_gmt":"2019-10-11T19:30:48","slug":"se-inconforman-integrantes-de-marea-verde-oaxaca-con-organizadores-de-la-filo","status":"publish","type":"post","link":"https:\/\/zonaroja.com.mx\/?p=4732","title":{"rendered":"Se inconforman integrantes de \u201cMarea Verde\u201d Oaxaca con organizadores de la FILO"},"content":{"rendered":"\n<p>Evlin Arag\u00f3n\/Zona Roja.<\/p>\n\n\n\n<p>Oaxaca de Ju\u00e1rez, Oax., 11 de octubre\nde 2019.- A trav\u00e9s de sus redes sociales, integrantes de la denominada \u201cMarea\nVerde\u201d Oaxaca, calificaron como farsantes a las y los organizadores de la 39\nemisi\u00f3n de la Feria Internacional del Libro (FILO) en la entidad, que\nrecientemente anunciaron que el evento contar\u00e1 con actividades que invitan a la\nreflexi\u00f3n sobre temas que forman parte de la agenda feminista. <\/p>\n\n\n\n<p>De acuerdo con las activistas, las\nactividades programadas por la FILO forman parte del \u201coportunismo y la\nincongruencia de sus organizadores\u201d, quienes previamente han tenido la\noportunidad de pronunciarse ante las causas que ata\u00f1en a las mujeres y no lo\nhan hecho, por lo que tomar la bandera feminista este a\u00f1o les parece un acto de\nsimulaci\u00f3n.<\/p>\n\n\n\n<p>As\u00ed mismo, cuestionaron c\u00f3mo es que\ngarantizan que el personal -en su mayor\u00eda femenino- que labora para las\nempresas involucradas en la FILO cuente con salarios dignos y realice su\ntrabajo en condiciones id\u00f3neas, dando por hecho que no es as\u00ed, por lo que\ninsistieron en que ondear la bandera verde -que actualmente representa la lucha\npor la despenalizaci\u00f3n del aborto- es solo oportunismo ante la fuerza que est\u00e1\ncobrando el movimiento en Am\u00e9rica Latina.<\/p>\n\n\n\n<p>\u201cNo les agradecemos que hayan volteado\na ver a las mujeres en esta edici\u00f3n de la FILO, ustedes, tambi\u00e9n son c\u00f3mplices\nde esas pr\u00e1cticas mis\u00f3ginas hacia las mujeres que trabajan con ustedes, con las\nm\u00e1s pobres, con las que necesitan un empleo y se ven obligadas a aceptar las\ncondiciones salariales y laborales miserables que ustedes les ofrecen\u201d,\narremeten en su comunicado. <\/p>\n\n\n\n<p>Recordaron que el mundo editorial en\nM\u00e9xico y Am\u00e9rica Latina es machista, tal y como se demostr\u00f3 con el movimiento\n#MeToo que evidenci\u00f3 las pr\u00e1cticas de acoso y violencia de diversos escritores\ny ante lo cual no hubo pronunciamiento por parte de la FILO, que deber\u00eda anular\nla venta de libros escritos o editados por acosadores, en un acto de\ncongruencia con su reciente inter\u00e9s por las problem\u00e1ticas de las mujeres.<\/p>\n\n\n\n<p>\u201cEste es el momento de ser congruentes.\nLa congruencia se fortalece desde dentro para dejar de tener discursos huecos e\ninsolventes\u201d, aseguraron.<\/p>\n\n\n\n<p>Si bien no anunciaron alguna actividad\nque pudiera interpretarse como boicot a la FILO, s\u00ed dejaron claro que mientras\nno favorezcan a las m\u00e1s empobrecidas, es \u201cirrisorio y una farsa\u201d que promuevan\nuna serie de mesas que abordan las diferentes violencias que viven las mujeres.\n<\/p>\n\n\n\n<p>Finalmente pidieron a quienes est\u00e1n al\nfrente de la feria que transparenten los tres millones de pesos que recibieron\ndel Gobierno de M\u00e9xico a trav\u00e9s de ProFest a fin de evitar que su postura sea\nvista \u00fanicamente con un negocio m\u00e1s a costa de las mujeres. <\/p>\n\n\n\n<p>Las actividades de la FILOaxaca inician\nel pr\u00f3ximo s\u00e1bado 19 de octubre y se extienden hasta el 27 del mismo mes con\nsede en el Centro Cultural de Convenciones, sus organizadores anunciaron que\neste a\u00f1o el programa literario en su mayor\u00eda est\u00e1 dedicado a las mujeres y las\nlenguas ind\u00edgenas, a la par que habr\u00e1 un homenaje al pintor oaxaque\u00f1o reci\u00e9n\nfallecido Francisco Toledo. <\/p>\n\n\n\n<p>Este a\u00f1o el Comit\u00e9 de Programaci\u00f3n de\nla 39 FILO est\u00e1 conformado por Y\u00e1snaya Aguilar, Jazmina Barrera, Ver\u00f3nica\nGerber Bicecci, Tanya Huntington, Yolanda Segura e Isabel Zapata, quienes\ndise\u00f1aron el ciclo \u00abEscrituras para reinventar la vida\u00bb, cuya\nintenci\u00f3n es construir un espacio para concientizar&nbsp; sobre el lastre de la mirada masculina en la\nescritura y para proponer la vida frente al patriarcado dominante.<\/p>\n\n\n\n<p>Este mismo grupo de mujeres ha se\u00f1alado\nque el medio cultural tiene que cambiar, por lo que plantean formas distintas\nde escribir, publicar y dialogar; estrategias que aseguran a\u00fan no han alcanzado\na vislumbrar. \u201cPor las que ya no est\u00e1n, por las que nos faltan, por las que\nvienen, por las que estamos, proponemos la escritura y la conversaci\u00f3n para\ninventar la vida nuevamente\u201d, han se\u00f1alado. <\/p>\n","protected":false},"excerpt":{"rendered":"<p>Evlin Arag\u00f3n\/Zona Roja. Oaxaca de Ju\u00e1rez, Oax., 11 de octubre de 2019.- A trav\u00e9s de&hellip;<\/p>\n","protected":false},"author":2,"featured_media":3469,"comment_status":"closed","ping_status":"open","sticky":false,"template":"","format":"standard","meta":{"_lmt_disableupdate":"","_lmt_disable":"","_jetpack_memberships_contains_paid_content":false,"footnotes":""},"categories":[109,47],"tags":[648],"class_list":["post-4732","post","type-post","status-publish","format-standard","has-post-thumbnail","hentry","category-minuto-a-minuto","category-zona-gris","tag-marea-verde-oaxaca"],"jetpack_featured_media_url":"https:\/\/zonaroja.com.mx\/wp-content\/uploads\/2019\/08\/marea-verde.jpg","jetpack_sharing_enabled":true,"_links":{"self":[{"href":"https:\/\/zonaroja.com.mx\/index.php?rest_route=\/wp\/v2\/posts\/4732","targetHints":{"allow":["GET"]}}],"collection":[{"href":"https:\/\/zonaroja.com.mx\/index.php?rest_route=\/wp\/v2\/posts"}],"about":[{"href":"https:\/\/zonaroja.com.mx\/index.php?rest_route=\/wp\/v2\/types\/post"}],"author":[{"embeddable":true,"href":"https:\/\/zonaroja.com.mx\/index.php?rest_route=\/wp\/v2\/users\/2"}],"replies":[{"embeddable":true,"href":"https:\/\/zonaroja.com.mx\/index.php?rest_route=%2Fwp%2Fv2%2Fcomments&post=4732"}],"version-history":[{"count":2,"href":"https:\/\/zonaroja.com.mx\/index.php?rest_route=\/wp\/v2\/posts\/4732\/revisions"}],"predecessor-version":[{"id":4738,"href":"https:\/\/zonaroja.com.mx\/index.php?rest_route=\/wp\/v2\/posts\/4732\/revisions\/4738"}],"wp:featuredmedia":[{"embeddable":true,"href":"https:\/\/zonaroja.com.mx\/index.php?rest_route=\/wp\/v2\/media\/3469"}],"wp:attachment":[{"href":"https:\/\/zonaroja.com.mx\/index.php?rest_route=%2Fwp%2Fv2%2Fmedia&parent=4732"}],"wp:term":[{"taxonomy":"category","embeddable":true,"href":"https:\/\/zonaroja.com.mx\/index.php?rest_route=%2Fwp%2Fv2%2Fcategories&post=4732"},{"taxonomy":"post_tag","embeddable":true,"href":"https:\/\/zonaroja.com.mx\/index.php?rest_route=%2Fwp%2Fv2%2Ftags&post=4732"}],"curies":[{"name":"wp","href":"https:\/\/api.w.org\/{rel}","templated":true}]}}