{"id":47323,"date":"2022-10-26T21:07:41","date_gmt":"2022-10-27T02:07:41","guid":{"rendered":"http:\/\/www.zonaroja.com.mx\/?p=47323"},"modified":"2022-10-26T21:07:42","modified_gmt":"2022-10-27T02:07:42","slug":"miercoles-rojo-asesinan-a-defensor-en-la-costa-y-ejecutan-a-joven-en-juchitan","status":"publish","type":"post","link":"https:\/\/zonaroja.com.mx\/?p=47323","title":{"rendered":"Mi\u00e9rcoles rojo: asesinan a defensor en la Costa y ejecutan a joven en Juchit\u00e1n"},"content":{"rendered":"\n<p>Ismael Garc\u00eda M.\/Zona Roja.<\/p>\n\n\n\n<p>Oaxaca de Ju\u00e1rez, Oax., a 26 de octubre de 2022.- Un joven ejecutado en Juchit\u00e1n; un ex agente municipal y defensor del r\u00edo \u201cVerde\u201d asesinado en la Costa y un motociclista muerto en la capital, por accidente, es el saldo rojo de este jueves.<\/p>\n\n\n\n<p>Esta tarde noche, en jurisdicci\u00f3n de la localidad de Piedra Blanca, Santiago Jamiltepec fue ultimado a balazos Filogonio Mart\u00ednez Merino, exagente municipal de la localidad Paso de la Reyna y defensor del r\u00edo \u201cVerde\u201d.<\/p>\n\n\n\n<p>De acuerdo con la organizaci\u00f3n civil Educa, el hoy occiso fung\u00eda como autoridad, en el a\u00f1o 2021, cuando fueron asesinados cinco defensores del afluente, cr\u00edmenes que siguen impunidad, seg\u00fan detall\u00f3.<\/p>\n\n\n\n<p>Mientras tanto, la ma\u00f1ana de hoy en Juchit\u00e1n de Zaragoza un individuo fue ejecutado a balazos y torturado.<\/p>\n\n\n\n<p>Su cuerpo, maniatado, adem\u00e1s de una soga en el cuello, fue hallado en un terreno bald\u00edo de la S\u00e9ptima Secci\u00f3n y esta tarde fue identificado como Antonio C. S., de 27 a\u00f1os de edad.&nbsp;<\/p>\n\n\n\n<p>Mientras tanto, esta tarde-noche un motociclista derrap\u00f3 con su unidad de motor en la carretera Oaxaca-M\u00e9xico, a unos metros del crucero de Trinidad de Viguera, en la capital.<\/p>\n\n\n\n<p>Debido a la ca\u00edda, se golpe\u00f3 contra un poste y luego con el pavimento, tras lo cual perdi\u00f3 la vida; de manera preliminar fue identificado como Alejandro N. V., de 20 a\u00f1os de edad.<\/p>\n","protected":false},"excerpt":{"rendered":"<p>Ismael Garc\u00eda M.\/Zona Roja. Oaxaca de Ju\u00e1rez, Oax., a 26 de octubre de 2022.- Un&hellip;<\/p>\n","protected":false},"author":2,"featured_media":47324,"comment_status":"closed","ping_status":"open","sticky":false,"template":"","format":"standard","meta":{"_lmt_disableupdate":"","_lmt_disable":"","_jetpack_memberships_contains_paid_content":false,"footnotes":""},"categories":[109,51],"tags":[123,2397],"class_list":["post-47323","post","type-post","status-publish","format-standard","has-post-thumbnail","hentry","category-minuto-a-minuto","category-zona-roja","tag-juchitan-de-zaragoza","tag-paso-de-la-reyna-jamiltepec"],"jetpack_featured_media_url":"https:\/\/zonaroja.com.mx\/wp-content\/uploads\/2022\/10\/Asesinado-Juchitan-de-Zaragoza.jpeg","jetpack_sharing_enabled":true,"_links":{"self":[{"href":"https:\/\/zonaroja.com.mx\/index.php?rest_route=\/wp\/v2\/posts\/47323","targetHints":{"allow":["GET"]}}],"collection":[{"href":"https:\/\/zonaroja.com.mx\/index.php?rest_route=\/wp\/v2\/posts"}],"about":[{"href":"https:\/\/zonaroja.com.mx\/index.php?rest_route=\/wp\/v2\/types\/post"}],"author":[{"embeddable":true,"href":"https:\/\/zonaroja.com.mx\/index.php?rest_route=\/wp\/v2\/users\/2"}],"replies":[{"embeddable":true,"href":"https:\/\/zonaroja.com.mx\/index.php?rest_route=%2Fwp%2Fv2%2Fcomments&post=47323"}],"version-history":[{"count":1,"href":"https:\/\/zonaroja.com.mx\/index.php?rest_route=\/wp\/v2\/posts\/47323\/revisions"}],"predecessor-version":[{"id":47325,"href":"https:\/\/zonaroja.com.mx\/index.php?rest_route=\/wp\/v2\/posts\/47323\/revisions\/47325"}],"wp:featuredmedia":[{"embeddable":true,"href":"https:\/\/zonaroja.com.mx\/index.php?rest_route=\/wp\/v2\/media\/47324"}],"wp:attachment":[{"href":"https:\/\/zonaroja.com.mx\/index.php?rest_route=%2Fwp%2Fv2%2Fmedia&parent=47323"}],"wp:term":[{"taxonomy":"category","embeddable":true,"href":"https:\/\/zonaroja.com.mx\/index.php?rest_route=%2Fwp%2Fv2%2Fcategories&post=47323"},{"taxonomy":"post_tag","embeddable":true,"href":"https:\/\/zonaroja.com.mx\/index.php?rest_route=%2Fwp%2Fv2%2Ftags&post=47323"}],"curies":[{"name":"wp","href":"https:\/\/api.w.org\/{rel}","templated":true}]}}