{"id":47326,"date":"2022-10-26T22:06:04","date_gmt":"2022-10-27T03:06:04","guid":{"rendered":"http:\/\/www.zonaroja.com.mx\/?p=47326"},"modified":"2022-10-26T22:06:06","modified_gmt":"2022-10-27T03:06:06","slug":"presentan-ieepco-y-onu-mujeres-modelo-para-atencion-de-casos-de-violencia-politica","status":"publish","type":"post","link":"https:\/\/zonaroja.com.mx\/?p=47326","title":{"rendered":"Presentan IEEPCO y ONU Mujeres modelo para atenci\u00f3n de casos de violencia pol\u00edtica"},"content":{"rendered":"\n<p>Redacci\u00f3n\/Zona Roja.<\/p>\n\n\n\n<p>Oaxaca de Ju\u00e1rez, Oax., a 25 de octubre de 2022.- La Comisi\u00f3n de Quejas y Denuncias del Instituto Estatal Electoral y de Participaci\u00f3n Ciudadana de Oaxaca (IEEPCO) y la Organizaci\u00f3n de las Naciones Unidas (ONU), presentaron el \u201cModelo para el registro, seguimiento y monitoreo de casos de violencia pol\u00edtica contra las mujeres en raz\u00f3n de g\u00e9nero\u201d como parte de las acciones para prevenir, atender y erradicar la violencia contra las mujeres en Oaxaca. &nbsp;<\/p>\n\n\n\n<p>\u201cSe trata de un modelo, pionero a nivel nacional, que da seguimiento a los casos de violencia pol\u00edtica, centr\u00e1ndose en las v\u00edctimas, quienes mediante testimonios aportan distintos elementos que brinden a las instituciones un panorama serio, adem\u00e1s, a partir de variables importantes lograr una m\u00e1s eficiente respuesta a estos casos\u201d, indic\u00f3 la consejera y presidenta de la comisi\u00f3n de Quejas, Carmelita Sibaja Ochoa. &nbsp;<\/p>\n\n\n\n<p>En este sentido, indic\u00f3 que este proyecto forma parte de los trabajos con ONU Mujeres, en el marco del convenio de colaboraci\u00f3n firmado en 2019, a fin de impulsar diversos proyectos que buscan poner fin a las violencias en contra de las mujeres e impulsan su participaci\u00f3n pol\u00edtica en la entidad oaxaque\u00f1a. &nbsp;<\/p>\n\n\n\n<p>Por su parte, la representante de ONU Mujeres en M\u00e9xico, Bel\u00e9n Sanz Luque, celebr\u00f3 el compromiso del IEEPCO para transformar la realidad de las mujeres en t\u00e9rminos sustantivos y de este modo contribuir con el fortalecimiento de la democracia, as\u00ed como a la buena gobernanza en la entidad. &nbsp;<\/p>\n\n\n\n<p>\u201cAunque a d\u00eda de hoy hay m\u00e1s mujeres participando en el \u00e1mbito pol\u00edtico, a\u00fan enfrentan resistencias para el pleno ejercicio de sus derechos, por lo que resultan indispensables las acciones en conjunto para consolidar su acceso a una vida libre de violencia\u201d, apunt\u00f3 Sanz Luque. \u00a0<\/p>\n\n\n\n<p>En su intervenci\u00f3n, la consejera electoral e integrante de la Comisi\u00f3n de Quejas del IEEPCO, Nayma Enr\u00edquez Estrada, asegur\u00f3 que el modelo de reciente creaci\u00f3n sentar\u00e1 un precedente a nivel nacional en la creaci\u00f3n de estad\u00edsticas, que pueden convertirse en pol\u00edticas p\u00fablicas con perspectiva de g\u00e9nero en favor de las mujeres. \u00a0<\/p>\n\n\n\n<figure class=\"wp-block-embed is-type-rich is-provider-twitter wp-block-embed-twitter\"><div class=\"wp-block-embed__wrapper\">\n<div class=\"twitter-tweet\"><blockquote class=\"twitter-tweet\" data-lang=\"es\"><p lang=\"es\" dir=\"ltr\">Presentan <a href=\"https:\/\/twitter.com\/hashtag\/IEEPCO?src=hash&amp;ref_src=twsrc%5Etfw\">#IEEPCO<\/a> y <a href=\"https:\/\/twitter.com\/ONUMujeresMX?ref_src=twsrc%5Etfw\">@ONUMujeresMX<\/a> modelo para la atenci\u00f3n de casos de violencia pol\u00edtica contra las mujeres<br><br>Primero a nivel nacional, busca brindar mayor eficacia en acceso a la justicia y contribuir a la plena participaci\u00f3n pol\u00edtica de las mujeres. <a href=\"https:\/\/t.co\/gGbQzX1tpb\">https:\/\/t.co\/gGbQzX1tpb<\/a> <a href=\"https:\/\/t.co\/ggKRhrEZZw\">pic.twitter.com\/ggKRhrEZZw<\/a><\/p>&mdash; IEEPCO (@IEEPCO) <a href=\"https:\/\/twitter.com\/IEEPCO\/status\/1585428766956060672?ref_src=twsrc%5Etfw\">27 de octubre de 2022<\/a><\/blockquote><\/div>\n<\/div><\/figure>\n\n\n\n<p>\u201cEs la primera experiencia a nivel local que podr\u00e1 replicarse en los dem\u00e1s \u00f3rganos electorales del pa\u00eds y otras instancias involucradas en la erradicaci\u00f3n de la violencia. Es un avance sumamente relevante para resarcir la deuda hist\u00f3rica con las mujeres\u201d, apunt\u00f3. &nbsp;<\/p>\n\n\n\n<p>Respecto al modelo, la consultora especializada en g\u00e9nero, Luc\u00eda S\u00e1nchez Nuevo explic\u00f3 que este surgi\u00f3 de la necesidad de contar con datos estad\u00edsticos, individuales y colectivos, centrados en las v\u00edctimas como sujetas de derechos, los cuales pueden ser recabados por diversas instancias a partir de este primer ejercicio. &nbsp;<\/p>\n\n\n\n<p>Por su parte, la tambi\u00e9n consultora, Constanza Silva Carrasco, explic\u00f3 que el modelo consta de 73 variables y cinco bloques que desglosan: el perfil de la parte quejosa o denunciante, el perfil de la persona denunciada, los datos del caso de violencia pol\u00edtica contra las mujeres en raz\u00f3n de g\u00e9nero, los datos relacionados con el procedimiento del \u00f3rgano electoral- administrativo y -por \u00faltimo- los datos de la cadena impugnativa. &nbsp;<\/p>\n\n\n\n<p>En tanto, la consultora Georgina Mart\u00ednez de la Rosa mencion\u00f3 que \u201cel modelo es una herramienta que no va a reconocer el silencio, al contrario busca la rememoraci\u00f3n de la narraci\u00f3n y la mayor informaci\u00f3n para un acceso de justicia efectiva a las mujeres\u201d. &nbsp;<\/p>\n\n\n\n<p>Durante el evento de presentaci\u00f3n estuvieron presentes la consejera presidenta del IEEPCO, Elizabeth S\u00e1nchez Gonz\u00e1lez; las consejeras electorales, Jessica Jazibe Hern\u00e1ndez Garc\u00eda y Zaira Alhel\u00ed Hip\u00f3lito L\u00f3pez; el consejero electoral, Alejandro Carrasco Sampedro; representantes de partidos pol\u00edticos ante el Consejo General, as\u00ed como personal del \u00f3rgano electoral local. &nbsp;<\/p>\n\n\n\n<p>Adem\u00e1s, la magistrada presidenta del Tribunal Electoral del Estado de Oaxaca, Elizabeth Bautista Velasco; la titular de la Secretar\u00eda de las Mujeres en Oaxaca, Ana V\u00e1squez Colmenares; la fiscal especializada en Delitos Electorales, Esther Araceli Pinelo L\u00f3pez, as\u00ed como la Presidenta de la Mesa Directiva del H. Congreso del Estado de Oaxaca, la Diputada Mariana Ben\u00edtez Tiburcio.&nbsp;<\/p>\n","protected":false},"excerpt":{"rendered":"<p>Redacci\u00f3n\/Zona Roja. Oaxaca de Ju\u00e1rez, Oax., a 25 de octubre de 2022.- La Comisi\u00f3n de&hellip;<\/p>\n","protected":false},"author":2,"featured_media":47327,"comment_status":"closed","ping_status":"open","sticky":false,"template":"","format":"standard","meta":{"_lmt_disableupdate":"","_lmt_disable":"","_jetpack_memberships_contains_paid_content":false,"footnotes":""},"categories":[109,46],"tags":[2932],"class_list":["post-47326","post","type-post","status-publish","format-standard","has-post-thumbnail","hentry","category-minuto-a-minuto","category-zona-blanca","tag-instituto-estatal-electoral-y-de-participacion-ciudadana-de-oaxaca-ieepco"],"jetpack_featured_media_url":"https:\/\/zonaroja.com.mx\/wp-content\/uploads\/2022\/10\/IEEPCO-.jpg","jetpack_sharing_enabled":true,"_links":{"self":[{"href":"https:\/\/zonaroja.com.mx\/index.php?rest_route=\/wp\/v2\/posts\/47326","targetHints":{"allow":["GET"]}}],"collection":[{"href":"https:\/\/zonaroja.com.mx\/index.php?rest_route=\/wp\/v2\/posts"}],"about":[{"href":"https:\/\/zonaroja.com.mx\/index.php?rest_route=\/wp\/v2\/types\/post"}],"author":[{"embeddable":true,"href":"https:\/\/zonaroja.com.mx\/index.php?rest_route=\/wp\/v2\/users\/2"}],"replies":[{"embeddable":true,"href":"https:\/\/zonaroja.com.mx\/index.php?rest_route=%2Fwp%2Fv2%2Fcomments&post=47326"}],"version-history":[{"count":1,"href":"https:\/\/zonaroja.com.mx\/index.php?rest_route=\/wp\/v2\/posts\/47326\/revisions"}],"predecessor-version":[{"id":47328,"href":"https:\/\/zonaroja.com.mx\/index.php?rest_route=\/wp\/v2\/posts\/47326\/revisions\/47328"}],"wp:featuredmedia":[{"embeddable":true,"href":"https:\/\/zonaroja.com.mx\/index.php?rest_route=\/wp\/v2\/media\/47327"}],"wp:attachment":[{"href":"https:\/\/zonaroja.com.mx\/index.php?rest_route=%2Fwp%2Fv2%2Fmedia&parent=47326"}],"wp:term":[{"taxonomy":"category","embeddable":true,"href":"https:\/\/zonaroja.com.mx\/index.php?rest_route=%2Fwp%2Fv2%2Fcategories&post=47326"},{"taxonomy":"post_tag","embeddable":true,"href":"https:\/\/zonaroja.com.mx\/index.php?rest_route=%2Fwp%2Fv2%2Ftags&post=47326"}],"curies":[{"name":"wp","href":"https:\/\/api.w.org\/{rel}","templated":true}]}}