{"id":47329,"date":"2022-10-26T22:13:12","date_gmt":"2022-10-27T03:13:12","guid":{"rendered":"http:\/\/www.zonaroja.com.mx\/?p=47329"},"modified":"2022-10-26T22:13:14","modified_gmt":"2022-10-27T03:13:14","slug":"opinion-daniel-chavez-vidanta-y-el-poder-economico","status":"publish","type":"post","link":"https:\/\/zonaroja.com.mx\/?p=47329","title":{"rendered":"Opini\u00f3n. Daniel Ch\u00e1vez, Vidanta y el poder econ\u00f3mico"},"content":{"rendered":"\n<p>Gibr\u00e1n Ram\u00edrez Reyes<\/p>\n\n\n\n<p>La semana pasada mencion\u00e9 a Grupo Vidanta en una l\u00ednea (quiero enfatizarlo) de mi art\u00edculo, dije que se exhibieron convenios suyos con el Ej\u00e9rcito que implicaban un gasto monumental y habl\u00e9 sobre la crisis de fin de sexenio.&nbsp;<\/p>\n\n\n\n<p>Dado que la menci\u00f3n de Vidanta fue completamente lateral, result\u00f3 para m\u00ed inexplicable que el grupo publicara un desplegado en el que, a nombre de Daniel Ch\u00e1vez, se me llam\u00f3 mentiroso y manipulador, adem\u00e1s de deslizar la amenaza de \u201cproceder por la v\u00eda judicial\u201d.&nbsp;<\/p>\n\n\n\n<p>M\u00e1s a\u00fan: la pauta publicitaria implic\u00f3 que este desplegado estuviera en los portales electr\u00f3nicos de \u201cEl Universal\u201d, \u201cEl Economista\u201d, \u201cMilenio\u201d, \u201cSDP noticias\u201d, \u201cLa Jornada\u201d.&nbsp;<\/p>\n\n\n\n<p>Lo reprodujeron, desde luego, algunos medios que fungen como paleros del Poder. Ignoro la motivaci\u00f3n para realizar el desproporcionado operativo medi\u00e1tico frente a una l\u00ednea de un art\u00edculo cr\u00edtico que ni siquiera figura en primeras planas o despliegues publicitarios.&nbsp;<\/p>\n\n\n\n<p>No s\u00e9 si lo hace para quedar bien con el Presidente, con el Ej\u00e9rcito o con el p\u00fablico obradorista. Desde luego no miento. El convenio que el Ej\u00e9rcito tiene con Vidanta implica un gasto monumental.&nbsp;<\/p>\n\n\n\n<p>En primera instancia, seg\u00fan su desplegado, lo paga usted, porque los militares se portaron bien con su abuelito (\u00bfcu\u00e1ntos cuartos de hotel y convenios cuesta, por cierto, que el Ej\u00e9rcito atienda bien al abuelo de uno?).&nbsp;<\/p>\n\n\n\n<p>Puede hacerlo porque sus relaciones con el poder pol\u00edtico y el poder militar han favorecido el crecimiento de su emporio mediante diversas formas de generar plusval\u00eda: permisos, tr\u00e1mites, infraestructura, liberalidad en las inspecciones y un abultado etc\u00e9tera.&nbsp;<\/p>\n\n\n\n<p>La hipersensibilidad que muestra en su respuesta es, adem\u00e1s, otro s\u00edntoma de la crisis de fin de sexenio que vivimos. No cuento con los recursos necesarios para contestar a Vidanta en todos los espacios en los que pretende denigrar mi palabra, pero me basta con la dignidad y el honor que uno pone de frente cuando firma sus textos.&nbsp;<\/p>\n\n\n\n<p>El honor, por cierto, no puede comprarse, ni siquiera contratando despachos para que se eliminen de internet pruebas de las relaciones del poder pol\u00edtico con el poder econ\u00f3mico.&nbsp;<\/p>\n\n\n\n<p>Se\u00f1or Ch\u00e1vez: su despliegue econ\u00f3mico y medi\u00e1tico no va a intimidarme. No lo har\u00e1n tampoco las hipot\u00e9ticas acciones judiciales que su representante insin\u00faa. Usted es un oligarca; yo, un profesor universitario que adem\u00e1s hace an\u00e1lisis pol\u00edtico en medios de comunicaci\u00f3n.&nbsp;<\/p>\n\n\n\n<p>Ese es mi oficio y la palabra mi instrumento de trabajo. Adem\u00e1s, ni siquiera es usted el objeto de mi cr\u00edtica: los oligarcas buscan hacer dinero y para ello necesitan quedar bien con el poder pol\u00edtico.&nbsp;<\/p>\n\n\n\n<p>Mi cuestionamiento es al poder emanado de un movimiento del que form\u00e9 parte m\u00e1s de la mitad de mi vida.&nbsp;<\/p>\n\n\n\n<p>No le reclamo a usted ni a los operadores de sus empresas, por ejemplo, la indolencia de dejar a miles de trabajadores eventuales sin empleo durante la pandemia porque es lo que se espera de los oligarcas amigos del poder; le reclamo, en cambio, al poder Ejecutivo y Legislativo permitirlo y no cerrar las rendijas legales que les permitieron hacerlo.&nbsp;<\/p>\n\n\n\n<p>Puedo dedicar una l\u00ednea, otra vez cualquier d\u00eda, a dar cuenta de las relaciones de grupos econ\u00f3micos con el poder; puedo dedicar otro art\u00edculo como \u00e9ste, cualquier d\u00eda, a dar cuenta de las relaciones entre poderosos que han llevado al pa\u00eds a su lamentable situaci\u00f3n actual.&nbsp;<\/p>\n\n\n\n<p>Seguramente discreparemos. Podemos hacerlo; conversar, debatir, actuar como ciudadanos responsables, pero no bajo la denigraci\u00f3n de la palabra y la estrategia vulgar de desplegadazos difundidos con dinero. Eso, por fortuna, habla m\u00e1s de su valor p\u00fablico que del m\u00edo.&nbsp;<\/p>\n\n\n\n<p>*Doctor en ciencia pol\u00edtica por la UNAM.<\/p>\n","protected":false},"excerpt":{"rendered":"<p>Gibr\u00e1n Ram\u00edrez Reyes La semana pasada mencion\u00e9 a Grupo Vidanta en una l\u00ednea (quiero enfatizarlo)&hellip;<\/p>\n","protected":false},"author":2,"featured_media":41734,"comment_status":"closed","ping_status":"open","sticky":false,"template":"","format":"standard","meta":{"_lmt_disableupdate":"","_lmt_disable":"","_jetpack_memberships_contains_paid_content":false,"footnotes":""},"categories":[456,109],"tags":[2489],"class_list":["post-47329","post","type-post","status-publish","format-standard","has-post-thumbnail","hentry","category-columna","category-minuto-a-minuto","tag-gibran-ramirez-reyes"],"jetpack_featured_media_url":"https:\/\/zonaroja.com.mx\/wp-content\/uploads\/2022\/05\/Opinion-Gibran-Ramirez-Reyes.jpg","jetpack_sharing_enabled":true,"_links":{"self":[{"href":"https:\/\/zonaroja.com.mx\/index.php?rest_route=\/wp\/v2\/posts\/47329","targetHints":{"allow":["GET"]}}],"collection":[{"href":"https:\/\/zonaroja.com.mx\/index.php?rest_route=\/wp\/v2\/posts"}],"about":[{"href":"https:\/\/zonaroja.com.mx\/index.php?rest_route=\/wp\/v2\/types\/post"}],"author":[{"embeddable":true,"href":"https:\/\/zonaroja.com.mx\/index.php?rest_route=\/wp\/v2\/users\/2"}],"replies":[{"embeddable":true,"href":"https:\/\/zonaroja.com.mx\/index.php?rest_route=%2Fwp%2Fv2%2Fcomments&post=47329"}],"version-history":[{"count":1,"href":"https:\/\/zonaroja.com.mx\/index.php?rest_route=\/wp\/v2\/posts\/47329\/revisions"}],"predecessor-version":[{"id":47330,"href":"https:\/\/zonaroja.com.mx\/index.php?rest_route=\/wp\/v2\/posts\/47329\/revisions\/47330"}],"wp:featuredmedia":[{"embeddable":true,"href":"https:\/\/zonaroja.com.mx\/index.php?rest_route=\/wp\/v2\/media\/41734"}],"wp:attachment":[{"href":"https:\/\/zonaroja.com.mx\/index.php?rest_route=%2Fwp%2Fv2%2Fmedia&parent=47329"}],"wp:term":[{"taxonomy":"category","embeddable":true,"href":"https:\/\/zonaroja.com.mx\/index.php?rest_route=%2Fwp%2Fv2%2Fcategories&post=47329"},{"taxonomy":"post_tag","embeddable":true,"href":"https:\/\/zonaroja.com.mx\/index.php?rest_route=%2Fwp%2Fv2%2Ftags&post=47329"}],"curies":[{"name":"wp","href":"https:\/\/api.w.org\/{rel}","templated":true}]}}