{"id":47335,"date":"2022-10-27T08:52:00","date_gmt":"2022-10-27T13:52:00","guid":{"rendered":"http:\/\/www.zonaroja.com.mx\/?p=47335"},"modified":"2022-10-27T07:19:45","modified_gmt":"2022-10-27T12:19:45","slug":"en-menos-de-dos-anos-asesinan-a-seis-defensores-del-rio-verde-en-jamiltepec","status":"publish","type":"post","link":"https:\/\/zonaroja.com.mx\/?p=47335","title":{"rendered":"En menos de dos a\u00f1os, asesinan a seis defensores del r\u00edo \u201cVerde\u201d en Jamiltepec"},"content":{"rendered":"\n<p>Redacci\u00f3n\/Zona Roja.<\/p>\n\n\n\n<p>Oaxaca de Ju\u00e1rez, Oax., a 27 de octubre de 2022.- Con el crimen de Filogonio Mart\u00ednez Merino, perpetrado ayer, suman seis defensores del r\u00edo \u201cVerde\u201d en Santiago Jamiltepec, Oaxaca.<\/p>\n\n\n\n<p>El Consejo de Pueblos Unidos por la Defensa del R\u00edo \u201cVerde\u201d (Copudever) y la organismo civil Servicios para una Educaci\u00f3n Alternativa A.C. (Educa) demandaron aplicar justicia a la brevedad por estos hechos.<\/p>\n\n\n\n<p>Mart\u00ednez Merino fue ultimado a balazos ayer en la localidad de Piedra Blanca, localizada entre Paso de la Reyna y La Humedad.<\/p>\n\n\n\n<p>Fue comisariado Ejidal de Paso de la Reyna en el per\u00edodo 2008-2011 y defensor del r\u00edo \u201cVerde\u201d durante 15 a\u00f1os contra el Proyecto hidroel\u00e9ctrico Paso de la Reina y el proyecto R\u00edo \u201cVerde\u201d.&nbsp;&nbsp;<\/p>\n\n\n\n<p>En el lapso en que fungi\u00f3 como autoridad auxiliar, fueron asesinados los cinco defensores agremiados al Consejo de Pueblos Unidos por la Defensa del R\u00edo Verde (Copudever):&nbsp;<\/p>\n\n\n\n<p>Fidel Heras Cruz, No\u00e9 Robles Cruz, Raymundo Robles Ria\u00f1o, Gerardo Mendoza Reyes y Jaime Jim\u00e9nez Ruiz, cr\u00edmenes que se cometieron a principios del a\u00f1o 2021 y que quedaron en total impunidad hasta el d\u00eda de hoy.<\/p>\n\n\n\n<p>De acuerdo con Educa, el a\u00f1o pasado&nbsp;Filogonio Mart\u00ednez Merino&nbsp;solicit\u00f3, en su car\u00e1cter de autoridad y por mandato de la asamblea comunitaria, medidas cautelares colectivas para la comunidad de Paso de la Reyna&nbsp;al Mecanismo de Protecci\u00f3n para Personas Defensoras de Derechos Humanos y Periodistas. Medidas cautelares que a\u00fan est\u00e1n vigentes.<\/p>\n\n\n\n<p>Por lo anterior, los organismos civiles demandaron al Gobierno del Estado de Oaxaca su intervenci\u00f3n para dar seguimiento al esclarecimiento de los hechos.&nbsp;<\/p>\n\n\n\n<p>A la Fiscal\u00eda General del Estado, que inicie la investigaci\u00f3n correspondiente. A la Defensor\u00eda de los Derechos Humanos del Pueblo de Oaxaca le solicitan otorgar medidas cautelares a la comunidad de Paso de la Reyna y a la familia del defensor.<\/p>\n","protected":false},"excerpt":{"rendered":"<p>Redacci\u00f3n\/Zona Roja. Oaxaca de Ju\u00e1rez, Oax., a 27 de octubre de 2022.- Con el crimen&hellip;<\/p>\n","protected":false},"author":2,"featured_media":47336,"comment_status":"closed","ping_status":"open","sticky":false,"template":"","format":"standard","meta":{"_lmt_disableupdate":"","_lmt_disable":"","_jetpack_memberships_contains_paid_content":false,"footnotes":""},"categories":[109,46],"tags":[3290,2397],"class_list":["post-47335","post","type-post","status-publish","format-standard","has-post-thumbnail","hentry","category-minuto-a-minuto","category-zona-blanca","tag-filogonio-martinez-merino","tag-paso-de-la-reyna-jamiltepec"],"jetpack_featured_media_url":"https:\/\/zonaroja.com.mx\/wp-content\/uploads\/2022\/10\/Asesinato-Filogonio-rio-Verde-Jamiltepec.jpg","jetpack_sharing_enabled":true,"_links":{"self":[{"href":"https:\/\/zonaroja.com.mx\/index.php?rest_route=\/wp\/v2\/posts\/47335","targetHints":{"allow":["GET"]}}],"collection":[{"href":"https:\/\/zonaroja.com.mx\/index.php?rest_route=\/wp\/v2\/posts"}],"about":[{"href":"https:\/\/zonaroja.com.mx\/index.php?rest_route=\/wp\/v2\/types\/post"}],"author":[{"embeddable":true,"href":"https:\/\/zonaroja.com.mx\/index.php?rest_route=\/wp\/v2\/users\/2"}],"replies":[{"embeddable":true,"href":"https:\/\/zonaroja.com.mx\/index.php?rest_route=%2Fwp%2Fv2%2Fcomments&post=47335"}],"version-history":[{"count":1,"href":"https:\/\/zonaroja.com.mx\/index.php?rest_route=\/wp\/v2\/posts\/47335\/revisions"}],"predecessor-version":[{"id":47337,"href":"https:\/\/zonaroja.com.mx\/index.php?rest_route=\/wp\/v2\/posts\/47335\/revisions\/47337"}],"wp:featuredmedia":[{"embeddable":true,"href":"https:\/\/zonaroja.com.mx\/index.php?rest_route=\/wp\/v2\/media\/47336"}],"wp:attachment":[{"href":"https:\/\/zonaroja.com.mx\/index.php?rest_route=%2Fwp%2Fv2%2Fmedia&parent=47335"}],"wp:term":[{"taxonomy":"category","embeddable":true,"href":"https:\/\/zonaroja.com.mx\/index.php?rest_route=%2Fwp%2Fv2%2Fcategories&post=47335"},{"taxonomy":"post_tag","embeddable":true,"href":"https:\/\/zonaroja.com.mx\/index.php?rest_route=%2Fwp%2Fv2%2Ftags&post=47335"}],"curies":[{"name":"wp","href":"https:\/\/api.w.org\/{rel}","templated":true}]}}