{"id":47338,"date":"2022-10-27T07:28:29","date_gmt":"2022-10-27T12:28:29","guid":{"rendered":"http:\/\/www.zonaroja.com.mx\/?p=47338"},"modified":"2022-10-27T07:28:31","modified_gmt":"2022-10-27T12:28:31","slug":"crece-inseguridad-en-oaxaca-capital-asesinan-a-lider-de-mototaxistas","status":"publish","type":"post","link":"https:\/\/zonaroja.com.mx\/?p=47338","title":{"rendered":"Crece inseguridad en Oaxaca capital: asesinan a l\u00edder de mototaxistas"},"content":{"rendered":"\n<p>Ismael Garc\u00eda M.\/Zona Roja.<\/p>\n\n\n\n<p>Oaxaca de Ju\u00e1rez, Oax., a 27 de octubre de 2022.- El dirigente de mototaxistas en la zona norte de Oaxaca, Federico Diego Sol\u00eds, fue ejecutado a balazos anoche, ataque en que otra persona del sexo masculino result\u00f3 lesionada.<\/p>\n\n\n\n<p>Los hechos ocurrieron alrededor de las 22:00 horas en la calle Bugambilias de la colonia Jard\u00edn, en que sujetos desconocidos balearon a los dos individuos, que fueron trasladados a una cl\u00ednica de la zona.<\/p>\n\n\n\n<p>Sin embargo, el dirigente de la Uni\u00f3n de Mototaxis Dolores y Colonias Circunvecinas A. C., muri\u00f3 cuando recib\u00eda atenci\u00f3n m\u00e9dica, mientras que Jes\u00fas H. B., contin\u00faa hospitalizado.<\/p>\n\n\n\n<p>En la zona norte de la capital del estado, principalmente en la colonia Volcanes y la agencia Dolores, de manera frecuente se han registrado ataques armados y asesinatos de mototaxistas.<\/p>\n\n\n\n<p>Incluso los hechos vientos han sucedido en este a\u00f1o, sin que la Secretar\u00eda de Seguridad del ayuntamiento de Oaxaca de Ju\u00e1rez, que preside Ra\u00fal \u00c1vila Ibarra, no ha implementado los operativos de seguridad en la zona.<\/p>\n\n\n\n<p>Con el crimen del dirigente de mototaxistas, suman tres asesinatos registrados ayer martes, uno en Santiago Jamiltepec y otro en Juchit\u00e1n de Zaragoza.<\/p>\n","protected":false},"excerpt":{"rendered":"<p>Ismael Garc\u00eda M.\/Zona Roja. Oaxaca de Ju\u00e1rez, Oax., a 27 de octubre de 2022.- El&hellip;<\/p>\n","protected":false},"author":2,"featured_media":47339,"comment_status":"closed","ping_status":"open","sticky":false,"template":"","format":"standard","meta":{"_lmt_disableupdate":"","_lmt_disable":"","_jetpack_memberships_contains_paid_content":false,"footnotes":""},"categories":[109,51],"tags":[148],"class_list":["post-47338","post","type-post","status-publish","format-standard","has-post-thumbnail","hentry","category-minuto-a-minuto","category-zona-roja","tag-oaxaca-de-juarez"],"jetpack_featured_media_url":"https:\/\/zonaroja.com.mx\/wp-content\/uploads\/2022\/10\/Asesinato-ciudad-de-Oaxaca-lider-mototaxistas.jpg","jetpack_sharing_enabled":true,"_links":{"self":[{"href":"https:\/\/zonaroja.com.mx\/index.php?rest_route=\/wp\/v2\/posts\/47338","targetHints":{"allow":["GET"]}}],"collection":[{"href":"https:\/\/zonaroja.com.mx\/index.php?rest_route=\/wp\/v2\/posts"}],"about":[{"href":"https:\/\/zonaroja.com.mx\/index.php?rest_route=\/wp\/v2\/types\/post"}],"author":[{"embeddable":true,"href":"https:\/\/zonaroja.com.mx\/index.php?rest_route=\/wp\/v2\/users\/2"}],"replies":[{"embeddable":true,"href":"https:\/\/zonaroja.com.mx\/index.php?rest_route=%2Fwp%2Fv2%2Fcomments&post=47338"}],"version-history":[{"count":1,"href":"https:\/\/zonaroja.com.mx\/index.php?rest_route=\/wp\/v2\/posts\/47338\/revisions"}],"predecessor-version":[{"id":47340,"href":"https:\/\/zonaroja.com.mx\/index.php?rest_route=\/wp\/v2\/posts\/47338\/revisions\/47340"}],"wp:featuredmedia":[{"embeddable":true,"href":"https:\/\/zonaroja.com.mx\/index.php?rest_route=\/wp\/v2\/media\/47339"}],"wp:attachment":[{"href":"https:\/\/zonaroja.com.mx\/index.php?rest_route=%2Fwp%2Fv2%2Fmedia&parent=47338"}],"wp:term":[{"taxonomy":"category","embeddable":true,"href":"https:\/\/zonaroja.com.mx\/index.php?rest_route=%2Fwp%2Fv2%2Fcategories&post=47338"},{"taxonomy":"post_tag","embeddable":true,"href":"https:\/\/zonaroja.com.mx\/index.php?rest_route=%2Fwp%2Fv2%2Ftags&post=47338"}],"curies":[{"name":"wp","href":"https:\/\/api.w.org\/{rel}","templated":true}]}}