{"id":47350,"date":"2022-10-27T17:45:46","date_gmt":"2022-10-27T22:45:46","guid":{"rendered":"http:\/\/www.zonaroja.com.mx\/?p=47350"},"modified":"2022-10-27T17:45:48","modified_gmt":"2022-10-27T22:45:48","slug":"temen-por-libertad-de-presunto-feminicida-de-marielita-youtuber-asesinada-en-2019","status":"publish","type":"post","link":"https:\/\/zonaroja.com.mx\/?p=47350","title":{"rendered":"Temen por libertad de presunto feminicida de Marielita, youtuber asesinada en 2019"},"content":{"rendered":"\n<p>Yuridiana Sosa\/Zona Roja.<\/p>\n\n\n\n<p>Oaxaca de Ju\u00e1rez, Oax., 27 de octubre de 2022.- Familiares y amigos de Mariela Said\u00ed, v\u00edctima de feminicidio presuntamente a manos de su novio, en mayo de 2019, se manifestaron este jueves en la capital para exigir justicia ante el temor de que el agresor quede en libertad, pues el proceso present\u00f3 cambios que consideran irregulares.<\/p>\n\n\n\n<p>Elizabeth Hern\u00e1ndez Dom\u00ednguez, madre de la joven -quien era creadora de contenido en Youtube- se\u00f1al\u00f3 que como parte del proceso, la llamaron a una audiencia en Ejutla de Crespo este jueves, a pesar que el delito se cometi\u00f3 en la ciudad de Oaxaca de Ju\u00e1rez, adem\u00e1s que probablemente la medida cautelar de prisi\u00f3n preventiva para el agresor Jos\u00e9 Domingo N. podr\u00eda modificarse.<\/p>\n\n\n\n<p>\u201cS\u00f3lo han sido puras vueltas\u201d, apunt\u00f3 la mujer frustrada por el proceso de tres a\u00f1os para lograr justicia por su hija asesinada el 19 de mayo, al ser golpeada por un tubo en la vivienda de su novio, donde se localiz\u00f3 su cuerpo al tratar de ser ocultado.<\/p>\n\n\n\n<p>\u201cYo nunca imagin\u00e9 estar en esta situaci\u00f3n, pero estando ac\u00e1 tenemos que movernos para tener justicia por nuestras mujeres, por mi hija\u2026por eso estoy aqu\u00ed, esperando a que se cumpla la ley\u201d, se\u00f1al\u00f3 do\u00f1a Elizabeth Hern\u00e1ndez.<\/p>\n\n\n\n<p>Acompa\u00f1ada por amigos de \u201cMarielita\u201d y familiares, la mujer&nbsp; tambi\u00e9n demand\u00f3 al gobernador Alejandro Murat y al titular de la Fiscal\u00eda de Oaxaca, &nbsp;Arturo Peimbert Calvo, garantizar la justicia para su hija y el resto de los casos de feminicidio.<\/p>\n\n\n\n<p>El pr\u00f3ximo 9 de febrero de 2023, agreg\u00f3, ya se agend\u00f3 otra audiencia de seguimiento, por lo que debe seguir esperando para que resuelva el caso.<\/p>\n\n\n\n<p>Jos\u00e9 Domingo \u201cN\u201d fue detenido el 5 de septiembre de 2019, por el delito de feminicidio agravado contra Mariela Said\u00ed.\u00a0<\/p>\n\n\n\n<figure class=\"wp-block-embed is-type-rich is-provider-twitter wp-block-embed-twitter\"><div class=\"wp-block-embed__wrapper\">\n<div class=\"twitter-tweet\"><blockquote class=\"twitter-tweet\" data-lang=\"es\"><p lang=\"es\" dir=\"ltr\">Para exigir que J. Domingo, acusado de feminicidio de Mariela Said\u00ed M\u00e9ndez Hern\u00e1ndez, asesinada el 19 de mayo de 2019, le cambien la medida cautelar y quede en libertad, familiares protestaron hoy en el centro de la ciudad de Oaxaca. <a href=\"https:\/\/t.co\/zw5KBNkVzF\">pic.twitter.com\/zw5KBNkVzF<\/a><\/p>&mdash; Zona Roja Oaxaca (@ZonaRoja_Oaxaca) <a href=\"https:\/\/twitter.com\/ZonaRoja_Oaxaca\/status\/1585722027113328640?ref_src=twsrc%5Etfw\">27 de octubre de 2022<\/a><\/blockquote><\/div>\n<\/div><\/figure>\n","protected":false},"excerpt":{"rendered":"<p>Yuridiana Sosa\/Zona Roja. Oaxaca de Ju\u00e1rez, Oax., 27 de octubre de 2022.- Familiares y amigos&hellip;<\/p>\n","protected":false},"author":2,"featured_media":47351,"comment_status":"closed","ping_status":"open","sticky":false,"template":"","format":"standard","meta":{"_lmt_disableupdate":"","_lmt_disable":"","_jetpack_memberships_contains_paid_content":false,"footnotes":""},"categories":[109,47],"tags":[3291],"class_list":["post-47350","post","type-post","status-publish","format-standard","has-post-thumbnail","hentry","category-minuto-a-minuto","category-zona-gris","tag-mariela-saidi-mendez-hernande"],"jetpack_featured_media_url":"https:\/\/zonaroja.com.mx\/wp-content\/uploads\/2022\/10\/Protesta-por-caso-Mriela-Saidi-Mendez.jpg","jetpack_sharing_enabled":true,"_links":{"self":[{"href":"https:\/\/zonaroja.com.mx\/index.php?rest_route=\/wp\/v2\/posts\/47350","targetHints":{"allow":["GET"]}}],"collection":[{"href":"https:\/\/zonaroja.com.mx\/index.php?rest_route=\/wp\/v2\/posts"}],"about":[{"href":"https:\/\/zonaroja.com.mx\/index.php?rest_route=\/wp\/v2\/types\/post"}],"author":[{"embeddable":true,"href":"https:\/\/zonaroja.com.mx\/index.php?rest_route=\/wp\/v2\/users\/2"}],"replies":[{"embeddable":true,"href":"https:\/\/zonaroja.com.mx\/index.php?rest_route=%2Fwp%2Fv2%2Fcomments&post=47350"}],"version-history":[{"count":1,"href":"https:\/\/zonaroja.com.mx\/index.php?rest_route=\/wp\/v2\/posts\/47350\/revisions"}],"predecessor-version":[{"id":47352,"href":"https:\/\/zonaroja.com.mx\/index.php?rest_route=\/wp\/v2\/posts\/47350\/revisions\/47352"}],"wp:featuredmedia":[{"embeddable":true,"href":"https:\/\/zonaroja.com.mx\/index.php?rest_route=\/wp\/v2\/media\/47351"}],"wp:attachment":[{"href":"https:\/\/zonaroja.com.mx\/index.php?rest_route=%2Fwp%2Fv2%2Fmedia&parent=47350"}],"wp:term":[{"taxonomy":"category","embeddable":true,"href":"https:\/\/zonaroja.com.mx\/index.php?rest_route=%2Fwp%2Fv2%2Fcategories&post=47350"},{"taxonomy":"post_tag","embeddable":true,"href":"https:\/\/zonaroja.com.mx\/index.php?rest_route=%2Fwp%2Fv2%2Ftags&post=47350"}],"curies":[{"name":"wp","href":"https:\/\/api.w.org\/{rel}","templated":true}]}}